{"id":1000,"date":"2020-09-14T13:49:44","date_gmt":"2020-09-14T11:49:44","guid":{"rendered":"https:\/\/lechouettepotager.org\/?p=1000"},"modified":"2020-09-14T15:56:06","modified_gmt":"2020-09-14T13:56:06","slug":"adherents-et-futurs-adherents-la-rentree-2021-des-jardins-cest-maintenant","status":"publish","type":"post","link":"https:\/\/lechouettepotager.org\/index.php\/2020\/09\/14\/adherents-et-futurs-adherents-la-rentree-2021-des-jardins-cest-maintenant\/","title":{"rendered":"Adh\u00e9rents et futurs adh\u00e9rents&nbsp;: la rentr\u00e9e 2021, c\u2019est maintenant&nbsp;.\u2026"},"content":{"rendered":"\n<p><span class=\"has-inline-color has-black-color\">Adh\u00e9rents et futurs adh\u00e9rents&nbsp;: la ren\u00adtr\u00e9e 2021 des jardins, c\u2019est maintenant&nbsp;:<\/span><\/p>\n\n\n\n<p><span class=\"has-inline-color has-black-color\">Le mer\u00adcre\u00addi 16 sep\u00adtem\u00adbre 2020 ver\u00adra la r\u00e9ou\u00adver\u00adture de nos per\u00adma\u00adnences chaque mer\u00adcre\u00addi en journ\u00e9e con\u00adtin\u00adue 9h\/\u200b19h<\/span> <a href=\"https:\/\/lechouettepotager.org\/index.php\/pour-nous-joindre\/\" data-type=\"URL\" data-id=\"https:\/\/lechouettepotager.org\/index.php\/pour-nous-joindre\/\" target=\"_blank\" rel=\"noreferrer noopener\">(Tout sur&nbsp;Nous)<\/a><\/p>\n\n\n\n<p style=\"text-align: justify;\"><span class=\"has-inline-color has-black-color\">Nos saisons cul\u00adtur\u00adales s\u2019\u00e9tendent de novem\u00adbre \u00e0 novem\u00adbre, aus\u00adsi pour les adh\u00e9rents qui ne souhait\u00adent pas renou\u00advel\u00ader leur adh\u00e9\u00adsion, il est temps d\u2019en informer leur r\u00e9f\u00e9rent de site, et de con\u00adfirmer par mail ou courrier.<\/span><\/p>\n\n\n\n<p style=\"text-align: justify;\"><span class=\"has-inline-color has-black-color\"><strong>Futurs jar\u00addiniers<\/strong>&nbsp;: d\u00e9j\u00e0 pr\u00e9- inscrits ou non, nous vous atten\u00addons \u00e0 nos bureaux<a rel=\"noreferrer noopener\" href=\"http:\/\/umap.openstreetmap.fr\/fr\/map\/les-14-sites-des-jardins-et-vergers-de-la-chouette_367462#18\/47.31545\/5.03225\" target=\"_blank\"> (n\u00b0 524 au 5 <sup>\u00e8me<\/sup> \u00e9tage &nbsp;de la Maison des asso\u00adci\u00ada\u00adtions)<\/a> pour r\u00e9gu\u00adlar\u00adi\u00adsa\u00adtion de votre dossier avec votre <strong>carte d\u2019identit\u00e9<\/strong>, ain\u00adsi que l\u2019original d\u2019un<strong> jus\u00adti\u00adfi\u00adcatif de domi\u00adcile<\/strong> (nous fer\u00adons nous-\u200bm\u00eame la pho\u00adto\u00adcopie), le tout accom\u00adpa\u00adg\u00adn\u00e9 d\u2019un verse\u00adment de 35\u20ac pour les frais de dossier.&nbsp;<\/span><\/p>\n\n\n\n<p><span class=\"has-inline-color has-black-color\">Apr\u00e8s accep\u00adta\u00adtion par le con\u00adseil d\u2019administration, il vous sera demand\u00e9 un d\u00e9p\u00f4t de garantie de&nbsp;150\u20ac.<\/span><\/p>\n\n\n\n<p><span class=\"has-inline-color has-black-color\">La sai\u00adson autom\u00adnale est le meilleur moment pour pr\u00e9\u00adpar\u00ader les sols et futures cultures.&nbsp;<\/span><\/p>\n\n\n\n<figure class=\"wp-block-gallery columns-3 is-cropped wp-block-gallery-1 is-layout-flex wp-block-gallery-is-layout-flex\"><ul class=\"blocks-gallery-grid\"><li class=\"blocks-gallery-item\"><figure><a href=\"https:\/\/lechouettepotager.org\/wp-content\/uploads\/2020\/09\/DSC_0847.jpg\"><img decoding=\"async\" loading=\"lazy\" width=\"1024\" height=\"578\" src=\"https:\/\/lechouettepotager.org\/wp-content\/uploads\/2020\/09\/DSC_0847-1024x578.jpg\" alt data-id=\"1003\" data-full-url=\"https:\/\/lechouettepotager.org\/wp-content\/uploads\/2020\/09\/DSC_0847.jpg\" data-link=\"https:\/\/lechouettepotager.org\/index.php\/2020\/09\/14\/adherents-et-futurs-adherents-la-rentree-2021-des-jardins-cest-maintenant\/dsc_0847\/\" class=\"wp-image-1003\" srcset=\"https:\/\/lechouettepotager.org\/wp-content\/uploads\/2020\/09\/DSC_0847-1024x578.jpg 1024w, https:\/\/lechouettepotager.org\/wp-content\/uploads\/2020\/09\/DSC_0847-300x169.jpg 300w, https:\/\/lechouettepotager.org\/wp-content\/uploads\/2020\/09\/DSC_0847-768x434.jpg 768w, https:\/\/lechouettepotager.org\/wp-content\/uploads\/2020\/09\/DSC_0847-1536x867.jpg 1536w, https:\/\/lechouettepotager.org\/wp-content\/uploads\/2020\/09\/DSC_0847.jpg 1573w\" sizes=\"(max-width: 1024px) 100vw, 1024px\"><\/a><\/figure><\/li><li class=\"blocks-gallery-item\"><figure><a href=\"https:\/\/lechouettepotager.org\/wp-content\/uploads\/2020\/09\/DSC_1097.jpg\"><img decoding=\"async\" loading=\"lazy\" width=\"1024\" height=\"578\" src=\"https:\/\/lechouettepotager.org\/wp-content\/uploads\/2020\/09\/DSC_1097-1024x578.jpg\" alt data-id=\"1006\" data-full-url=\"https:\/\/lechouettepotager.org\/wp-content\/uploads\/2020\/09\/DSC_1097.jpg\" data-link=\"https:\/\/lechouettepotager.org\/index.php\/2020\/09\/14\/adherents-et-futurs-adherents-la-rentree-2021-des-jardins-cest-maintenant\/dsc_1097\/\" class=\"wp-image-1006\" srcset=\"https:\/\/lechouettepotager.org\/wp-content\/uploads\/2020\/09\/DSC_1097-1024x578.jpg 1024w, https:\/\/lechouettepotager.org\/wp-content\/uploads\/2020\/09\/DSC_1097-300x169.jpg 300w, https:\/\/lechouettepotager.org\/wp-content\/uploads\/2020\/09\/DSC_1097-768x433.jpg 768w, https:\/\/lechouettepotager.org\/wp-content\/uploads\/2020\/09\/DSC_1097-1536x866.jpg 1536w, https:\/\/lechouettepotager.org\/wp-content\/uploads\/2020\/09\/DSC_1097.jpg 1661w\" sizes=\"(max-width: 1024px) 100vw, 1024px\"><\/a><\/figure><\/li><li class=\"blocks-gallery-item\"><figure><a href=\"https:\/\/lechouettepotager.org\/wp-content\/uploads\/2020\/09\/DSC_0834.jpg\"><img decoding=\"async\" loading=\"lazy\" width=\"1024\" height=\"578\" src=\"https:\/\/lechouettepotager.org\/wp-content\/uploads\/2020\/09\/DSC_0834-1024x578.jpg\" alt data-id=\"1001\" data-full-url=\"https:\/\/lechouettepotager.org\/wp-content\/uploads\/2020\/09\/DSC_0834.jpg\" data-link=\"https:\/\/lechouettepotager.org\/index.php\/2020\/09\/14\/adherents-et-futurs-adherents-la-rentree-2021-des-jardins-cest-maintenant\/dsc_0834\/\" class=\"wp-image-1001\" srcset=\"https:\/\/lechouettepotager.org\/wp-content\/uploads\/2020\/09\/DSC_0834-1024x578.jpg 1024w, https:\/\/lechouettepotager.org\/wp-content\/uploads\/2020\/09\/DSC_0834-300x169.jpg 300w, https:\/\/lechouettepotager.org\/wp-content\/uploads\/2020\/09\/DSC_0834-768x434.jpg 768w, https:\/\/lechouettepotager.org\/wp-content\/uploads\/2020\/09\/DSC_0834-1536x867.jpg 1536w, https:\/\/lechouettepotager.org\/wp-content\/uploads\/2020\/09\/DSC_0834.jpg 1573w\" sizes=\"(max-width: 1024px) 100vw, 1024px\"><\/a><\/figure><\/li><\/ul><\/figure>\n\n\n\n<p><span class=\"has-inline-color has-black-color\">Venez vite nous rejoin\u00addre, <strong>des places sont encore disponibles<\/strong> sur les 3 sites du <a rel=\"noreferrer noopener\" href=\"http:\/\/umap.openstreetmap.fr\/fr\/map\/les-14-sites-des-jardins-et-vergers-de-la-chouette_367462#16\/47.2960\/5.0797\" target=\"_blank\">Chemin de Pont Barreau.<\/a><\/span><\/p>\n\n\n\n<p><\/p>\n","protected":false},"excerpt":{"rendered":"<p>Venez nous rejoin\u00addre sur le terrain&nbsp;\u2026<\/p>\n","protected":false},"author":1,"featured_media":999,"comment_status":"closed","ping_status":"closed","sticky":false,"template":"","format":"standard","meta":{"_coblocks_attr":"","_coblocks_dimensions":"","_coblocks_responsive_height":"","_coblocks_accordion_ie_support":"","_uag_custom_page_level_css":"","wp_typography_post_enhancements_disabled":false,"ngg_post_thumbnail":0,"footnotes":""},"categories":[1,21],"tags":[],"featured_image_src":"https:\/\/lechouettepotager.org\/wp-content\/uploads\/2020\/09\/DSC_1025.jpg","featured_image_src_square":"https:\/\/lechouettepotager.org\/wp-content\/uploads\/2020\/09\/DSC_1025.jpg","author_info":{"display_name":"Webmaster","author_link":"https:\/\/lechouettepotager.org\/index.php\/author\/admin7426\/"},"uagb_featured_image_src":{"full":["https:\/\/lechouettepotager.org\/wp-content\/uploads\/2020\/09\/DSC_1025.jpg",1661,937,false],"thumbnail":["https:\/\/lechouettepotager.org\/wp-content\/uploads\/2020\/09\/DSC_1025-150x150.jpg",150,150,true],"medium":["https:\/\/lechouettepotager.org\/wp-content\/uploads\/2020\/09\/DSC_1025-300x169.jpg",300,169,true],"medium_large":["https:\/\/lechouettepotager.org\/wp-content\/uploads\/2020\/09\/DSC_1025-768x433.jpg",768,433,true],"large":["https:\/\/lechouettepotager.org\/wp-content\/uploads\/2020\/09\/DSC_1025-1024x578.jpg",1024,578,true],"1536x1536":["https:\/\/lechouettepotager.org\/wp-content\/uploads\/2020\/09\/DSC_1025-1536x866.jpg",1536,866,true],"2048x2048":["https:\/\/lechouettepotager.org\/wp-content\/uploads\/2020\/09\/DSC_1025.jpg",1661,937,false],"ab-block-post-grid-landscape":["https:\/\/lechouettepotager.org\/wp-content\/uploads\/2020\/09\/DSC_1025.jpg",600,338,false],"ab-block-post-grid-square":["https:\/\/lechouettepotager.org\/wp-content\/uploads\/2020\/09\/DSC_1025.jpg",600,338,false],"post-thumbnail":["https:\/\/lechouettepotager.org\/wp-content\/uploads\/2020\/09\/DSC_1025-1024x578.jpg",1024,578,true],"mesmerize-full-hd":["https:\/\/lechouettepotager.org\/wp-content\/uploads\/2020\/09\/DSC_1025.jpg",1661,937,false]},"uagb_author_info":{"display_name":"Webmaster","author_link":"https:\/\/lechouettepotager.org\/index.php\/author\/admin7426\/"},"uagb_comment_info":0,"uagb_excerpt":"Venez nous rejoindre sur le terrain ...","_links":{"self":[{"href":"https:\/\/lechouettepotager.org\/index.php\/wp-json\/wp\/v2\/posts\/1000"}],"collection":[{"href":"https:\/\/lechouettepotager.org\/index.php\/wp-json\/wp\/v2\/posts"}],"about":[{"href":"https:\/\/lechouettepotager.org\/index.php\/wp-json\/wp\/v2\/types\/post"}],"author":[{"embeddable":true,"href":"https:\/\/lechouettepotager.org\/index.php\/wp-json\/wp\/v2\/users\/1"}],"replies":[{"embeddable":true,"href":"https:\/\/lechouettepotager.org\/index.php\/wp-json\/wp\/v2\/comments?post=1000"}],"version-history":[{"count":11,"href":"https:\/\/lechouettepotager.org\/index.php\/wp-json\/wp\/v2\/posts\/1000\/revisions"}],"predecessor-version":[{"id":1051,"href":"https:\/\/lechouettepotager.org\/index.php\/wp-json\/wp\/v2\/posts\/1000\/revisions\/1051"}],"wp:featuredmedia":[{"embeddable":true,"href":"https:\/\/lechouettepotager.org\/index.php\/wp-json\/wp\/v2\/media\/999"}],"wp:attachment":[{"href":"https:\/\/lechouettepotager.org\/index.php\/wp-json\/wp\/v2\/media?parent=1000"}],"wp:term":[{"taxonomy":"category","embeddable":true,"href":"https:\/\/lechouettepotager.org\/index.php\/wp-json\/wp\/v2\/categories?post=1000"},{"taxonomy":"post_tag","embeddable":true,"href":"https:\/\/lechouettepotager.org\/index.php\/wp-json\/wp\/v2\/tags?post=1000"}],"curies":[{"name":"wp","href":"https:\/\/api.w.org\/{rel}","templated":true}]}}