{"id":1079,"date":"2020-10-07T17:30:41","date_gmt":"2020-10-07T15:30:41","guid":{"rendered":"https:\/\/lechouettepotager.org\/?p=1079"},"modified":"2021-03-01T14:29:30","modified_gmt":"2021-03-01T13:29:30","slug":"les-jardiniers-de-pasquier-de-bray-ont-du-coeur","status":"publish","type":"post","link":"https:\/\/lechouettepotager.org\/index.php\/2020\/10\/07\/les-jardiniers-de-pasquier-de-bray-ont-du-coeur\/","title":{"rendered":"Les Jardiniers de Paquier de Bray ont du&nbsp;c\u0153ur&nbsp;\u2026"},"content":{"rendered":"\n<p><span style=\"padding-left: 30px;\"><span class=\"has-inline-color has-black-color\"><strong>Cette ann\u00e9e encore<\/strong>, les jar\u00addini\u00e8res et jar\u00addiniers du site de <a href=\"https:\/\/umap.openstreetmap.fr\/fr\/map\/les-14-sites-des-jardins-et-vergers-de-la-chouette_367462#18\/47.29684\/5.07562\">Paquier de Bray<\/a> ont fait preuve de g\u00e9n\u00e9rosit\u00e9 en alliant leur pas\u00adsion \u00e0 la sol\u00adi\u00addar\u00adit\u00e9 pour offrir leurs pro\u00adduits aux b\u00e9n\u00e9\u00adfi\u00adci\u00adaires de l\u2019as\u00adso\u00adci\u00ada\u00adtion cr\u00e9\u00e9e par Coluche.<\/span><\/span><\/p>\n\n\n<p style=\"text-align: justify;\"><span style=\"padding-left: 30px;\"><span style=\"color: #000000;\"><strong>En effet au site de Paquier de Bray<\/strong>, des b\u00e9n\u00e9v\u00adoles se sont \u00e0 nou\u00adveau mobil\u00adis\u00e9s pour col\u00adlecter, aupr\u00e8s des jar\u00addiniers, des graines et des plants. Ces derniers ont \u00e9t\u00e9 mis en terre et cul\u00adtiv\u00ader sur une par\u00adcelle libre. Malheureusement en rai\u00adson du con\u00adfine\u00adment, de la canicule et main\u00adtenant des intem\u00adp\u00e9ries et mal\u00adgr\u00e9 l\u2019\u00e9n\u00adergie d\u00e9velop\u00adp\u00e9e par les jar\u00addiniers volon\u00adtaires, la sai\u00adson 2020 n\u2019a pas \u00e9t\u00e9 pro\u00adlifique et la r\u00e9colte n\u2019en a \u00e9t\u00e9 que peu glo\u00adrieuse, d\u2019ailleurs pour tout le&nbsp;monde.<\/span><\/span><\/p>\n\n\n<figure class=\"wp-block-gallery aligncenter columns-3 is-cropped wp-block-gallery-1 is-layout-flex wp-block-gallery-is-layout-flex\"><ul class=\"blocks-gallery-grid\"><li class=\"blocks-gallery-item\"><figure><a href=\"https:\/\/lechouettepotager.org\/wp-content\/uploads\/2020\/10\/DSC_1061-scaled.jpg\"><img decoding=\"async\" loading=\"lazy\" width=\"2560\" height=\"1444\" src=\"https:\/\/lechouettepotager.org\/wp-content\/uploads\/2020\/10\/DSC_1061-scaled.jpg\" alt=\"La parcelle de Pasquier de Bray r\u00e9serv\u00e9e en 2020 \u00e0 la culture des l\u00e9gumes d\u00e9di\u00e9s aux b\u00e9n\u00e9ficiaires des Restos du c\u0153ur\" data-id=\"1071\" data-full-url=\"https:\/\/lechouettepotager.org\/wp-content\/uploads\/2020\/10\/DSC_1061-scaled.jpg\" data-link=\"https:\/\/lechouettepotager.org\/dsc_1061\/\" class=\"wp-image-1071\" srcset=\"https:\/\/lechouettepotager.org\/wp-content\/uploads\/2020\/10\/DSC_1061-scaled.jpg 2560w, https:\/\/lechouettepotager.org\/wp-content\/uploads\/2020\/10\/DSC_1061-300x169.jpg 300w, https:\/\/lechouettepotager.org\/wp-content\/uploads\/2020\/10\/DSC_1061-1024x578.jpg 1024w, https:\/\/lechouettepotager.org\/wp-content\/uploads\/2020\/10\/DSC_1061-768x433.jpg 768w, https:\/\/lechouettepotager.org\/wp-content\/uploads\/2020\/10\/DSC_1061-1536x867.jpg 1536w, https:\/\/lechouettepotager.org\/wp-content\/uploads\/2020\/10\/DSC_1061-2048x1155.jpg 2048w, https:\/\/lechouettepotager.org\/wp-content\/uploads\/2020\/10\/DSC_1061-1914x1080.jpg 1914w\" sizes=\"(max-width: 2560px) 100vw, 2560px\"><\/a><\/figure><\/li><li class=\"blocks-gallery-item\"><figure><a href=\"https:\/\/lechouettepotager.org\/wp-content\/uploads\/2020\/10\/DSC_1062-scaled.jpg\"><img decoding=\"async\" loading=\"lazy\" width=\"2560\" height=\"1444\" src=\"https:\/\/lechouettepotager.org\/wp-content\/uploads\/2020\/10\/DSC_1062-scaled.jpg\" alt=\"La parcelle de Pasquier de Bray r\u00e9serv\u00e9e en 2020 \u00e0 la culture des l\u00e9gumes d\u00e9di\u00e9s aux b\u00e9n\u00e9ficiaires des Restos du c\u0153ur\" data-id=\"1072\" data-full-url=\"https:\/\/lechouettepotager.org\/wp-content\/uploads\/2020\/10\/DSC_1062-scaled.jpg\" data-link=\"https:\/\/lechouettepotager.org\/dsc_1062\/\" class=\"wp-image-1072\" srcset=\"https:\/\/lechouettepotager.org\/wp-content\/uploads\/2020\/10\/DSC_1062-scaled.jpg 2560w, https:\/\/lechouettepotager.org\/wp-content\/uploads\/2020\/10\/DSC_1062-300x169.jpg 300w, https:\/\/lechouettepotager.org\/wp-content\/uploads\/2020\/10\/DSC_1062-1024x578.jpg 1024w, https:\/\/lechouettepotager.org\/wp-content\/uploads\/2020\/10\/DSC_1062-768x433.jpg 768w, https:\/\/lechouettepotager.org\/wp-content\/uploads\/2020\/10\/DSC_1062-1536x867.jpg 1536w, https:\/\/lechouettepotager.org\/wp-content\/uploads\/2020\/10\/DSC_1062-2048x1155.jpg 2048w, https:\/\/lechouettepotager.org\/wp-content\/uploads\/2020\/10\/DSC_1062-1914x1080.jpg 1914w\" sizes=\"(max-width: 2560px) 100vw, 2560px\"><\/a><\/figure><\/li><li class=\"blocks-gallery-item\"><figure><a href=\"https:\/\/lechouettepotager.org\/wp-content\/uploads\/2020\/10\/DSC_1063-scaled.jpg\"><img decoding=\"async\" loading=\"lazy\" width=\"2560\" height=\"1444\" src=\"https:\/\/lechouettepotager.org\/wp-content\/uploads\/2020\/10\/DSC_1063-scaled.jpg\" alt=\"La parcelle de Pasquier de Bray r\u00e9serv\u00e9e en 2020 \u00e0 la culture des l\u00e9gumes d\u00e9di\u00e9s aux b\u00e9n\u00e9ficiaires des Restos du c\u0153ur\" data-id=\"1073\" data-full-url=\"https:\/\/lechouettepotager.org\/wp-content\/uploads\/2020\/10\/DSC_1063-scaled.jpg\" data-link=\"https:\/\/lechouettepotager.org\/dsc_1063\/\" class=\"wp-image-1073\" srcset=\"https:\/\/lechouettepotager.org\/wp-content\/uploads\/2020\/10\/DSC_1063-scaled.jpg 2560w, https:\/\/lechouettepotager.org\/wp-content\/uploads\/2020\/10\/DSC_1063-300x169.jpg 300w, https:\/\/lechouettepotager.org\/wp-content\/uploads\/2020\/10\/DSC_1063-1024x578.jpg 1024w, https:\/\/lechouettepotager.org\/wp-content\/uploads\/2020\/10\/DSC_1063-768x433.jpg 768w, https:\/\/lechouettepotager.org\/wp-content\/uploads\/2020\/10\/DSC_1063-1536x867.jpg 1536w, https:\/\/lechouettepotager.org\/wp-content\/uploads\/2020\/10\/DSC_1063-2048x1155.jpg 2048w, https:\/\/lechouettepotager.org\/wp-content\/uploads\/2020\/10\/DSC_1063-1914x1080.jpg 1914w\" sizes=\"(max-width: 2560px) 100vw, 2560px\"><\/a><\/figure><\/li><\/ul><figcaption class=\"blocks-gallery-caption\"><strong><em><span class=\"has-inline-color has-black-color\">La Parcelle d\u00e9di\u00e9e \u00e0 la sol\u00adi\u00addar\u00adit\u00e9<\/span><\/em><\/strong> ( cliquez sur les pho\u00adtos pour agrandir et visu\u00adalis\u00ader la galerie)<\/figcaption><\/figure>\n\n\n<p style=\"text-align: justify;\"><span style=\"padding-left: 30px;\"><span style=\"color: #000000;\">\u201c<strong>Michel<\/strong>\u201d, notre respon\u00ads\u00adable du site Paquier de Bray a d\u00e9j\u00e0 remis une r\u00e9colte de cour\u00adgettes \u00e0 la respon\u00ads\u00adable du cen\u00adtre <a href=\"https:\/\/www.google.com\/maps\/dir\/\/47.3078102,5.0410631\/@47.3075505,5.0410966,18.5z\/data=!4m2!4m1!3e0\" target=\"_blank\" rel=\"noopener noreferrer\">AD21<\/a>. D\u2019autres l\u00e9gumes restent \u00e0 venir d\u2019i\u00adci la fin d\u2019an\u00adn\u00e9e. En 2019, Michel avait remis en fin de sai\u00adson une r\u00e9colte beau\u00adcoup plus abon\u00addante (dont + de 40 potirons) \u00e0 ce m\u00eame Centre de Collecte.<\/span><\/span><\/p>\n\n\n<figure class=\"wp-block-gallery columns-2 is-cropped wp-block-gallery-3 is-layout-flex wp-block-gallery-is-layout-flex\"><ul class=\"blocks-gallery-grid\"><li class=\"blocks-gallery-item\"><figure><a href=\"https:\/\/lechouettepotager.org\/wp-content\/uploads\/2020\/10\/DSC_1068-scaled.jpg\"><img decoding=\"async\" loading=\"lazy\" width=\"2560\" height=\"1444\" src=\"https:\/\/lechouettepotager.org\/wp-content\/uploads\/2020\/10\/DSC_1068-scaled.jpg\" alt=\"Notre Animateur Michel remettant les l\u00e9gumes \u00e0 la responsable du site AD21 - 1, rue Morel Retz \u00e0 Dijon pour les Restos du C\u0153ur\" data-id=\"1077\" data-full-url=\"https:\/\/lechouettepotager.org\/wp-content\/uploads\/2020\/10\/DSC_1068-scaled.jpg\" data-link=\"https:\/\/lechouettepotager.org\/dsc_1068\/\" class=\"wp-image-1077\" srcset=\"https:\/\/lechouettepotager.org\/wp-content\/uploads\/2020\/10\/DSC_1068-scaled.jpg 2560w, https:\/\/lechouettepotager.org\/wp-content\/uploads\/2020\/10\/DSC_1068-300x169.jpg 300w, https:\/\/lechouettepotager.org\/wp-content\/uploads\/2020\/10\/DSC_1068-1024x578.jpg 1024w, https:\/\/lechouettepotager.org\/wp-content\/uploads\/2020\/10\/DSC_1068-768x433.jpg 768w, https:\/\/lechouettepotager.org\/wp-content\/uploads\/2020\/10\/DSC_1068-1536x867.jpg 1536w, https:\/\/lechouettepotager.org\/wp-content\/uploads\/2020\/10\/DSC_1068-2048x1155.jpg 2048w, https:\/\/lechouettepotager.org\/wp-content\/uploads\/2020\/10\/DSC_1068-1914x1080.jpg 1914w\" sizes=\"(max-width: 2560px) 100vw, 2560px\"><\/a><\/figure><\/li><li class=\"blocks-gallery-item\"><figure><a href=\"https:\/\/lechouettepotager.org\/wp-content\/uploads\/2020\/10\/DSC_1067-scaled.jpg\"><img decoding=\"async\" loading=\"lazy\" width=\"2560\" height=\"1444\" src=\"https:\/\/lechouettepotager.org\/wp-content\/uploads\/2020\/10\/DSC_1067-scaled.jpg\" alt=\"Notre Animateur Michel remettant les l\u00e9gumes \u00e0 la responsable du site AD21 - 1, rue Morel Retz \u00e0 Dijon pour les Restos du C\u0153ur\" data-id=\"1076\" data-full-url=\"https:\/\/lechouettepotager.org\/wp-content\/uploads\/2020\/10\/DSC_1067-scaled.jpg\" data-link=\"https:\/\/lechouettepotager.org\/dsc_1067\/\" class=\"wp-image-1076\" srcset=\"https:\/\/lechouettepotager.org\/wp-content\/uploads\/2020\/10\/DSC_1067-scaled.jpg 2560w, https:\/\/lechouettepotager.org\/wp-content\/uploads\/2020\/10\/DSC_1067-300x169.jpg 300w, https:\/\/lechouettepotager.org\/wp-content\/uploads\/2020\/10\/DSC_1067-1024x578.jpg 1024w, https:\/\/lechouettepotager.org\/wp-content\/uploads\/2020\/10\/DSC_1067-768x433.jpg 768w, https:\/\/lechouettepotager.org\/wp-content\/uploads\/2020\/10\/DSC_1067-1536x867.jpg 1536w, https:\/\/lechouettepotager.org\/wp-content\/uploads\/2020\/10\/DSC_1067-2048x1155.jpg 2048w, https:\/\/lechouettepotager.org\/wp-content\/uploads\/2020\/10\/DSC_1067-1914x1080.jpg 1914w\" sizes=\"(max-width: 2560px) 100vw, 2560px\"><\/a><\/figure><\/li><\/ul><figcaption class=\"blocks-gallery-caption\"><em><span class=\"has-inline-color has-black-color\"><strong>Aux Restos du C\u0153ur<\/strong><\/span><\/em><span class=\"has-inline-color has-black-color\"> <\/span><span class=\"has-inline-color has-cyan-bluish-gray-color\">( cliquez sur les pho\u00adtos pour agrandir et visu\u00adalis\u00ader la galerie)<\/span><\/figcaption><\/figure>\n\n\n\n<figure class=\"wp-block-gallery columns-2 is-cropped wp-block-gallery-5 is-layout-flex wp-block-gallery-is-layout-flex\"><ul class=\"blocks-gallery-grid\"><li class=\"blocks-gallery-item\"><figure><a href=\"https:\/\/lechouettepotager.org\/wp-content\/uploads\/2020\/10\/DSC_1066-scaled.jpg\"><img decoding=\"async\" loading=\"lazy\" width=\"2560\" height=\"1444\" src=\"https:\/\/lechouettepotager.org\/wp-content\/uploads\/2020\/10\/DSC_1066-scaled.jpg\" alt=\"Premier lot de L\u00e9gumes remis aux Restos du C\u0153ur de Dijon en 2020\" data-id=\"1075\" data-full-url=\"https:\/\/lechouettepotager.org\/wp-content\/uploads\/2020\/10\/DSC_1066-scaled.jpg\" data-link=\"https:\/\/lechouettepotager.org\/dsc_1066\/\" class=\"wp-image-1075\" srcset=\"https:\/\/lechouettepotager.org\/wp-content\/uploads\/2020\/10\/DSC_1066-scaled.jpg 2560w, https:\/\/lechouettepotager.org\/wp-content\/uploads\/2020\/10\/DSC_1066-300x169.jpg 300w, https:\/\/lechouettepotager.org\/wp-content\/uploads\/2020\/10\/DSC_1066-1024x578.jpg 1024w, https:\/\/lechouettepotager.org\/wp-content\/uploads\/2020\/10\/DSC_1066-768x433.jpg 768w, https:\/\/lechouettepotager.org\/wp-content\/uploads\/2020\/10\/DSC_1066-1536x867.jpg 1536w, https:\/\/lechouettepotager.org\/wp-content\/uploads\/2020\/10\/DSC_1066-2048x1155.jpg 2048w, https:\/\/lechouettepotager.org\/wp-content\/uploads\/2020\/10\/DSC_1066-1914x1080.jpg 1914w\" sizes=\"(max-width: 2560px) 100vw, 2560px\"><\/a><\/figure><\/li><li class=\"blocks-gallery-item\"><figure><a href=\"https:\/\/lechouettepotager.org\/wp-content\/uploads\/2020\/10\/DSC_1064-scaled-e1602072663256.jpg\"><img decoding=\"async\" loading=\"lazy\" width=\"2560\" height=\"1444\" src=\"https:\/\/lechouettepotager.org\/wp-content\/uploads\/2020\/10\/DSC_1064-scaled-e1602072663256.jpg\" alt=\"Premier lot de L\u00e9gumes remis aux Restos du C\u0153ur de Dijon en 2020\" data-id=\"1074\" data-full-url=\"https:\/\/lechouettepotager.org\/wp-content\/uploads\/2020\/10\/DSC_1064-scaled-e1602072663256.jpg\" data-link=\"https:\/\/lechouettepotager.org\/dsc_1064\/\" class=\"wp-image-1074\" srcset=\"https:\/\/lechouettepotager.org\/wp-content\/uploads\/2020\/10\/DSC_1064-scaled-e1602072663256.jpg 2560w, https:\/\/lechouettepotager.org\/wp-content\/uploads\/2020\/10\/DSC_1064-scaled-e1602072663256-300x169.jpg 300w, https:\/\/lechouettepotager.org\/wp-content\/uploads\/2020\/10\/DSC_1064-scaled-e1602072663256-1024x578.jpg 1024w, https:\/\/lechouettepotager.org\/wp-content\/uploads\/2020\/10\/DSC_1064-scaled-e1602072663256-768x433.jpg 768w, https:\/\/lechouettepotager.org\/wp-content\/uploads\/2020\/10\/DSC_1064-scaled-e1602072663256-1536x866.jpg 1536w, https:\/\/lechouettepotager.org\/wp-content\/uploads\/2020\/10\/DSC_1064-scaled-e1602072663256-2048x1155.jpg 2048w, https:\/\/lechouettepotager.org\/wp-content\/uploads\/2020\/10\/DSC_1064-scaled-e1602072663256-1915x1080.jpg 1915w\" sizes=\"(max-width: 2560px) 100vw, 2560px\"><\/a><\/figure><\/li><\/ul><figcaption class=\"blocks-gallery-caption\"><strong><span class=\"has-inline-color has-black-color\">Les cour\u00adgettes<\/span><\/strong><\/figcaption><\/figure>\n\n\n\n<div class=\"wp-block-group alignwide\"><div class=\"wp-block-group__inner-container is-layout-flow wp-block-group-is-layout-flow\">\n<p><\/p>\n<p class=\"has-text-align-left\"><span style=\"color: #000000;\"><strong>Un grand mer\u00adci <u>aux jar\u00addini\u00e8res &amp; jar\u00addiniers b\u00e9n\u00e9v\u00adoles<\/u><\/strong> qui ont per\u00admis, depuis deux ans, d\u2019of\u00adfrir des l\u00e9gumes aux Restos du&nbsp;C\u0153ur.<\/span><\/p>\n\n\n\n<p><\/p>\n\n\n\n<p><\/p>\n<\/div><\/div>\n\n\n<h1>&nbsp;<\/h1>\n<h1 style=\"text-align: center;\"><span style=\"color: #000000;\"><strong><em>Et n\u2019oubliez pas&nbsp;que&nbsp;<\/em><\/strong><\/span><\/h1>\n<h1 style=\"text-align: center;\"><span style=\"color: #000000;\"><strong><em>les petits ruisseaux<\/em><\/strong><\/span><\/h1>\n<h1 style=\"text-align: center;\"><span style=\"color: #000000;\"><strong><em>font les grandes rivi\u00e8res.<\/em><\/strong><\/span><\/h1>\n\n\n<p><\/p>\n","protected":false},"excerpt":{"rendered":"<p>Les Jardiniers de Pasquier de Bray offrent des l\u00e9gumes aux Restos du C\u0153ur pour la deux\u00adi\u00e8me&nbsp;ann\u00e9e&nbsp;\u2026<\/p>\n","protected":false},"author":1,"featured_media":1078,"comment_status":"closed","ping_status":"closed","sticky":false,"template":"","format":"standard","meta":{"_coblocks_attr":"","_coblocks_dimensions":"","_coblocks_responsive_height":"","_coblocks_accordion_ie_support":"","_uag_custom_page_level_css":"","wp_typography_post_enhancements_disabled":false,"ngg_post_thumbnail":0,"footnotes":""},"categories":[1,21,6],"tags":[],"featured_image_src":"https:\/\/lechouettepotager.org\/wp-content\/uploads\/2020\/10\/potirons-7.jpg","featured_image_src_square":"https:\/\/lechouettepotager.org\/wp-content\/uploads\/2020\/10\/potirons-7.jpg","author_info":{"display_name":"Webmaster","author_link":"https:\/\/lechouettepotager.org\/index.php\/author\/admin7426\/"},"uagb_featured_image_src":{"full":["https:\/\/lechouettepotager.org\/wp-content\/uploads\/2020\/10\/potirons-7.jpg",2309,1562,false],"thumbnail":["https:\/\/lechouettepotager.org\/wp-content\/uploads\/2020\/10\/potirons-7-150x150.jpg",150,150,true],"medium":["https:\/\/lechouettepotager.org\/wp-content\/uploads\/2020\/10\/potirons-7-300x203.jpg",300,203,true],"medium_large":["https:\/\/lechouettepotager.org\/wp-content\/uploads\/2020\/10\/potirons-7-768x520.jpg",768,520,true],"large":["https:\/\/lechouettepotager.org\/wp-content\/uploads\/2020\/10\/potirons-7-1024x693.jpg",1024,693,true],"1536x1536":["https:\/\/lechouettepotager.org\/wp-content\/uploads\/2020\/10\/potirons-7-1536x1039.jpg",1536,1039,true],"2048x2048":["https:\/\/lechouettepotager.org\/wp-content\/uploads\/2020\/10\/potirons-7-2048x1385.jpg",2048,1385,true],"ab-block-post-grid-landscape":["https:\/\/lechouettepotager.org\/wp-content\/uploads\/2020\/10\/potirons-7.jpg",591,400,false],"ab-block-post-grid-square":["https:\/\/lechouettepotager.org\/wp-content\/uploads\/2020\/10\/potirons-7.jpg",600,406,false],"post-thumbnail":["https:\/\/lechouettepotager.org\/wp-content\/uploads\/2020\/10\/potirons-7-1024x693.jpg",1024,693,true],"mesmerize-full-hd":["https:\/\/lechouettepotager.org\/wp-content\/uploads\/2020\/10\/potirons-7-1596x1080.jpg",1596,1080,true]},"uagb_author_info":{"display_name":"Webmaster","author_link":"https:\/\/lechouettepotager.org\/index.php\/author\/admin7426\/"},"uagb_comment_info":0,"uagb_excerpt":"Les Jardiniers de Pasquier de Bray offrent des l\u00e9gumes aux Restos du C\u0153ur pour la deuxi\u00e8me ann\u00e9e ...","_links":{"self":[{"href":"https:\/\/lechouettepotager.org\/index.php\/wp-json\/wp\/v2\/posts\/1079"}],"collection":[{"href":"https:\/\/lechouettepotager.org\/index.php\/wp-json\/wp\/v2\/posts"}],"about":[{"href":"https:\/\/lechouettepotager.org\/index.php\/wp-json\/wp\/v2\/types\/post"}],"author":[{"embeddable":true,"href":"https:\/\/lechouettepotager.org\/index.php\/wp-json\/wp\/v2\/users\/1"}],"replies":[{"embeddable":true,"href":"https:\/\/lechouettepotager.org\/index.php\/wp-json\/wp\/v2\/comments?post=1079"}],"version-history":[{"count":71,"href":"https:\/\/lechouettepotager.org\/index.php\/wp-json\/wp\/v2\/posts\/1079\/revisions"}],"predecessor-version":[{"id":1190,"href":"https:\/\/lechouettepotager.org\/index.php\/wp-json\/wp\/v2\/posts\/1079\/revisions\/1190"}],"wp:featuredmedia":[{"embeddable":true,"href":"https:\/\/lechouettepotager.org\/index.php\/wp-json\/wp\/v2\/media\/1078"}],"wp:attachment":[{"href":"https:\/\/lechouettepotager.org\/index.php\/wp-json\/wp\/v2\/media?parent=1079"}],"wp:term":[{"taxonomy":"category","embeddable":true,"href":"https:\/\/lechouettepotager.org\/index.php\/wp-json\/wp\/v2\/categories?post=1079"},{"taxonomy":"post_tag","embeddable":true,"href":"https:\/\/lechouettepotager.org\/index.php\/wp-json\/wp\/v2\/tags?post=1079"}],"curies":[{"name":"wp","href":"https:\/\/api.w.org\/{rel}","templated":true}]}}