{"id":1380,"date":"2021-02-28T20:04:07","date_gmt":"2021-02-28T19:04:07","guid":{"rendered":"https:\/\/lechouettepotager.org\/?p=1380"},"modified":"2021-03-01T09:06:28","modified_gmt":"2021-03-01T08:06:28","slug":"les-epluchures-de-fruits-et-legumes-mais-oui-ca-se-cuisine","status":"publish","type":"post","link":"https:\/\/lechouettepotager.org\/index.php\/2021\/02\/28\/les-epluchures-de-fruits-et-legumes-mais-oui-ca-se-cuisine\/","title":{"rendered":"<strong>Les Epluchures de fruits et l\u00e9gumes,  \u00e7a se cuisine<\/strong>"},"content":{"rendered":"<p><strong><span style=\"color: #000000;\">Les \u00e9pluchures&nbsp; et restes de l\u00e9gumes et fruits dans le com\u00adpos\u00adteur du jardin, c\u2019est tr\u00e8s bien, &nbsp;mais avez-\u200bvous d\u00e9j\u00e0 essayez &nbsp;de les cuisiner&nbsp;?&nbsp;<\/span><\/strong><\/p>\n<p><span style=\"color: #000000;\">Voici plusieurs id\u00e9es glan\u00e9es dans des revues, cat\u00ada\u00adlogues, pub\u00adlic\u00adit\u00e9s et divers sites.<\/span><\/p>\n<p><span style=\"color: #000000;\">En plus d\u2019\u00eatre orig\u00adi\u00adnal, une mani\u00e8re <strong>nutri\u00adtion\u00adnelle<\/strong>, <strong>\u00e9conomique et \u00e9cologique <\/strong>de manger et de r\u00e9duire les d\u00e9chets.<\/span><\/p>\n\n\n<h2 class=\"has-text-align-center wp-block-heading\"><strong><u>Epluchures de fruits<\/u><\/strong><\/h2>\n\n\n\n<div class=\"wp-block-media-text alignwide is-stacked-on-mobile is-image-fill\"><figure class=\"wp-block-media-text__media\" style=\"background-image:url(https:\/\/lechouettepotager.org\/wp-content\/uploads\/2021\/02\/pelure-897x1024.jpg);background-position:49% 43%\"><img decoding=\"async\" loading=\"lazy\" width=\"897\" height=\"1024\" src=\"https:\/\/lechouettepotager.org\/wp-content\/uploads\/2021\/02\/pelure-897x1024.jpg\" alt class=\"wp-image-1385 size-full\" srcset=\"https:\/\/lechouettepotager.org\/wp-content\/uploads\/2021\/02\/pelure-897x1024.jpg 897w, https:\/\/lechouettepotager.org\/wp-content\/uploads\/2021\/02\/pelure-263x300.jpg 263w, https:\/\/lechouettepotager.org\/wp-content\/uploads\/2021\/02\/pelure-768x876.jpg 768w, https:\/\/lechouettepotager.org\/wp-content\/uploads\/2021\/02\/pelure-1346x1536.jpg 1346w, https:\/\/lechouettepotager.org\/wp-content\/uploads\/2021\/02\/pelure-1795x2048.jpg 1795w, https:\/\/lechouettepotager.org\/wp-content\/uploads\/2021\/02\/pelure-1024x1168.jpg 1024w, https:\/\/lechouettepotager.org\/wp-content\/uploads\/2021\/02\/pelure-947x1080.jpg 947w, https:\/\/lechouettepotager.org\/wp-content\/uploads\/2021\/02\/pelure.jpg 1986w\" sizes=\"(max-width: 897px) 100vw, 897px\"><\/figure><div class=\"wp-block-media-text__content\">\n<p><\/p>\n\n\n\n<p><strong><span class=\"has-inline-color has-black-color\"><u>Avec les peaux d\u2019a\u00adgrumes<\/u>&nbsp;:<\/span><\/strong><\/p>\n\n\n\n<ul><li><span class=\"has-inline-color has-black-color\">Les gour\u00admands vont \u00eatre servis&nbsp;; les \u00e9corces d\u2019o\u00adr\u00adanges, cl\u00e9\u00admen\u00adtines et cit\u00adrons d\u00e9coup\u00e9es en b\u00e2ton\u00adnets se font con\u00adfire dans un sirop de sucre ou choco\u00adlat&nbsp;fondu.<\/span><\/li><li><span class=\"has-inline-color has-black-color\">R\u00e9aliser une poudre d\u2019a\u00adgrumes en faisant s\u00e9ch\u00ader les pelures au four \u00e0 100\u00b0C (th 3\/\u200b4) pen\u00addant 50&nbsp;min. Les peaux doivent \u00eatre craque\u00adl\u00e9es. Passez les ensuite au mixeur. Ces poudres servi\u00adront \u00e0 par\u00adfumer g\u00e2teaux, cr\u00e8mes, yaourts, infu\u00adsions, salades, risot\u00adtos ou encore du poisson.<\/span><\/li><\/ul>\n\n\n\n<p><\/p>\n<\/div><\/div>\n\n\n\n<div class=\"wp-block-media-text alignwide has-media-on-the-right is-stacked-on-mobile is-image-fill\"><figure class=\"wp-block-media-text__media\" style=\"background-image:url(https:\/\/lechouettepotager.org\/wp-content\/uploads\/2021\/02\/pexels-any-lane-5945848-683x1024.jpg);background-position:50% 50%\"><img decoding=\"async\" loading=\"lazy\" width=\"683\" height=\"1024\" src=\"https:\/\/lechouettepotager.org\/wp-content\/uploads\/2021\/02\/pexels-any-lane-5945848-683x1024.jpg\" alt class=\"wp-image-1390 size-full\" srcset=\"https:\/\/lechouettepotager.org\/wp-content\/uploads\/2021\/02\/pexels-any-lane-5945848-683x1024.jpg 683w, https:\/\/lechouettepotager.org\/wp-content\/uploads\/2021\/02\/pexels-any-lane-5945848-200x300.jpg 200w, https:\/\/lechouettepotager.org\/wp-content\/uploads\/2021\/02\/pexels-any-lane-5945848-768x1152.jpg 768w, https:\/\/lechouettepotager.org\/wp-content\/uploads\/2021\/02\/pexels-any-lane-5945848-1024x1536.jpg 1024w, https:\/\/lechouettepotager.org\/wp-content\/uploads\/2021\/02\/pexels-any-lane-5945848-1365x2048.jpg 1365w, https:\/\/lechouettepotager.org\/wp-content\/uploads\/2021\/02\/pexels-any-lane-5945848-720x1080.jpg 720w, https:\/\/lechouettepotager.org\/wp-content\/uploads\/2021\/02\/pexels-any-lane-5945848-scaled.jpg 1707w\" sizes=\"(max-width: 683px) 100vw, 683px\"><\/figure><div class=\"wp-block-media-text__content\">\n<p><\/p>\n\n\n\n<p><span class=\"has-inline-color has-black-color\"><strong><u>Avec des peaux de bananes<\/u><\/strong>&nbsp;:<\/span><\/p>\n\n\n\n<ul><li><span class=\"has-inline-color has-black-color\">Une ou deux peaux de bananes suff\u00adisent pour pr\u00e9\u00adpar\u00ader un cake parfum\u00e9.<\/span><\/li><\/ul>\n\n\n\n<p><span class=\"has-inline-color has-black-color\">Lavez les peaux, coupez les extr\u00e9mit\u00e9s puis mixez-\u200bles fine\u00adment avec un \u0153uf. Incorporez cette mix\u00adture \u00e0 la recette clas\u00adsique du&nbsp;cake.<\/span><\/p>\n\n\n\n<p><span class=\"has-inline-color has-black-color\">Vous ver\u00adrez, c\u2019est un&nbsp;r\u00e9gal.<\/span><\/p>\n\n\n\n<p><em><span class=\"has-inline-color has-black-color\"><u>Petit plus<\/u>&nbsp;: si vous n\u2019avez plus de cirage, passez l\u2019in\u00adt\u00e9rieur de la peau de banane sur vos souliers en cuir, ils seront nour\u00adris et brillants<\/span><\/em><\/p>\n\n\n\n<p><\/p>\n<\/div><\/div>\n\n\n\n<div class=\"wp-block-media-text alignwide is-stacked-on-mobile is-image-fill\"><figure class=\"wp-block-media-text__media\" style=\"background-image:url(https:\/\/lechouettepotager.org\/wp-content\/uploads\/2021\/02\/pexels-mareefe-1638280-1024x711.jpg);background-position:59% 49%\"><img decoding=\"async\" loading=\"lazy\" width=\"1024\" height=\"711\" src=\"https:\/\/lechouettepotager.org\/wp-content\/uploads\/2021\/02\/pexels-mareefe-1638280-1024x711.jpg\" alt class=\"wp-image-1393 size-full\" srcset=\"https:\/\/lechouettepotager.org\/wp-content\/uploads\/2021\/02\/pexels-mareefe-1638280-1024x711.jpg 1024w, https:\/\/lechouettepotager.org\/wp-content\/uploads\/2021\/02\/pexels-mareefe-1638280-300x208.jpg 300w, https:\/\/lechouettepotager.org\/wp-content\/uploads\/2021\/02\/pexels-mareefe-1638280-768x533.jpg 768w, https:\/\/lechouettepotager.org\/wp-content\/uploads\/2021\/02\/pexels-mareefe-1638280-1536x1067.jpg 1536w, https:\/\/lechouettepotager.org\/wp-content\/uploads\/2021\/02\/pexels-mareefe-1638280-2048x1422.jpg 2048w, https:\/\/lechouettepotager.org\/wp-content\/uploads\/2021\/02\/pexels-mareefe-1638280-1555x1080.jpg 1555w\" sizes=\"(max-width: 1024px) 100vw, 1024px\"><\/figure><div class=\"wp-block-media-text__content\">\n<p><\/p>\n\n\n\n<p><span class=\"has-inline-color has-black-color\"><strong><u>Avec des \u00e9pluchures de pommes &amp; de poires<\/u><\/strong>&nbsp;:<\/span><\/p>\n\n\n\n<ul><li><span class=\"has-inline-color has-black-color\"><strong><u>Infusions <\/u><\/strong>: faites les sim\u00adple\u00adment s\u00e9ch\u00ader au four 5\u201310&nbsp;min puis gardez-\u200bles dans un pot her\u00adm\u00e9\u00adtique. Quand vous aurez envie d\u2019une tisane, plongez les dans l\u2019eau bouil\u00adlante. Laissez infuser et r\u00e9galez vous<\/span><\/li><li><span class=\"has-inline-color has-black-color\"><strong><u>Chips <\/u><\/strong>: ces savoureuses pelures peu\u00advent \u00eatre trans\u00adfor\u00adm\u00e9es en chips (voir ci-dessous)<\/span><\/li><\/ul>\n<\/div><\/div>\n\n\n\n<div class=\"wp-block-media-text alignwide has-media-on-the-right is-stacked-on-mobile is-image-fill\" style=\"grid-template-columns:auto 49%\"><figure class=\"wp-block-media-text__media\" style=\"background-image:url(https:\/\/lechouettepotager.org\/wp-content\/uploads\/2021\/02\/pexels-pixabay-48817-1024x678.jpg);background-position:56.00000000000001% 39%\"><img decoding=\"async\" loading=\"lazy\" width=\"1024\" height=\"678\" src=\"https:\/\/lechouettepotager.org\/wp-content\/uploads\/2021\/02\/pexels-pixabay-48817-1024x678.jpg\" alt class=\"wp-image-1416 size-full\" srcset=\"https:\/\/lechouettepotager.org\/wp-content\/uploads\/2021\/02\/pexels-pixabay-48817-1024x678.jpg 1024w, https:\/\/lechouettepotager.org\/wp-content\/uploads\/2021\/02\/pexels-pixabay-48817-300x199.jpg 300w, https:\/\/lechouettepotager.org\/wp-content\/uploads\/2021\/02\/pexels-pixabay-48817-768x509.jpg 768w, https:\/\/lechouettepotager.org\/wp-content\/uploads\/2021\/02\/pexels-pixabay-48817-1536x1017.jpg 1536w, https:\/\/lechouettepotager.org\/wp-content\/uploads\/2021\/02\/pexels-pixabay-48817-2048x1356.jpg 2048w, https:\/\/lechouettepotager.org\/wp-content\/uploads\/2021\/02\/pexels-pixabay-48817-1631x1080.jpg 1631w\" sizes=\"(max-width: 1024px) 100vw, 1024px\"><\/figure><div class=\"wp-block-media-text__content\">\n<p><\/p>\n\n\n\n<p class=\"has-text-align-center\"><span class=\"has-inline-color has-black-color\"><strong><u>Avec les Pommes<\/u><\/strong>&nbsp;:<\/span><\/p>\n\n\n\n<ul><li><span class=\"has-inline-color has-black-color\"><strong><u>Chips<\/u><\/strong>&nbsp;: Les pelures de pommes, une fois m\u00e9lang\u00e9es avec un peu de sucre en poudre et de la can\u00adnelle sont \u00e9tal\u00e9es sur une plaque cou\u00adverte de papi\u00ader sul\u00adfu\u00adris\u00e9. Passez l\u2019ensem\u00adble au four \u00e0 150\u00b0 pen\u00addant env\u00adi\u00adron \u00be d\u2019heure et vous pour\u00adrez d\u00e9guster de d\u00e9li\u00adcieuses chips.<\/span><\/li><li><span class=\"has-inline-color has-black-color\"><strong><u>G\u00e9lifiant pour con\u00adfi\u00adtures<\/u><\/strong>&nbsp;: Les trognons de pommes peu\u00advent \u00eatre util\u00adis\u00e9 comme g\u00e9li\u00adfi\u00adant (Grace \u00e0 la pec\u00adtine de la pomme) pour vos con\u00adfi\u00adtures maison.<\/span><\/li><\/ul>\n\n\n\n<p><span class=\"has-inline-color has-black-color\"><strong>M\u00e9thode<\/strong><\/span>&nbsp;: <span class=\"has-inline-color has-black-color\">dans 1 litre d\u2019eau faire bouil\u00adlir 7 trognons de pommes et un jus de citron.<\/span><\/p>\n\n\n\n<p><span class=\"has-inline-color has-black-color\">Une fois fil\u00adtr\u00e9e cette potion per\u00adme\u00adt\u00adtra la prise de la confiture.<\/span><\/p>\n\n\n\n<p><\/p>\n<\/div><\/div>\n\n\n\n<p><\/p>\n\n\n\n<h2 class=\"has-text-align-center wp-block-heading\"><strong><u><span class=\"has-inline-color has-black-color\">Epluchures de l\u00e9gumes<\/span><\/u><\/strong><\/h2>\n\n\n\n<div class=\"wp-block-media-text alignwide is-stacked-on-mobile is-image-fill\"><figure class=\"wp-block-media-text__media\" style=\"background-image:url(https:\/\/lechouettepotager.org\/wp-content\/uploads\/2021\/02\/pexels-david-abbram-3702434-683x1024.jpg);background-position:42% 53%\"><img decoding=\"async\" loading=\"lazy\" width=\"683\" height=\"1024\" src=\"https:\/\/lechouettepotager.org\/wp-content\/uploads\/2021\/02\/pexels-david-abbram-3702434-683x1024.jpg\" alt class=\"wp-image-1401 size-full\" srcset=\"https:\/\/lechouettepotager.org\/wp-content\/uploads\/2021\/02\/pexels-david-abbram-3702434-683x1024.jpg 683w, https:\/\/lechouettepotager.org\/wp-content\/uploads\/2021\/02\/pexels-david-abbram-3702434-200x300.jpg 200w, https:\/\/lechouettepotager.org\/wp-content\/uploads\/2021\/02\/pexels-david-abbram-3702434-768x1152.jpg 768w, https:\/\/lechouettepotager.org\/wp-content\/uploads\/2021\/02\/pexels-david-abbram-3702434-1024x1536.jpg 1024w, https:\/\/lechouettepotager.org\/wp-content\/uploads\/2021\/02\/pexels-david-abbram-3702434-1365x2048.jpg 1365w, https:\/\/lechouettepotager.org\/wp-content\/uploads\/2021\/02\/pexels-david-abbram-3702434-720x1080.jpg 720w, https:\/\/lechouettepotager.org\/wp-content\/uploads\/2021\/02\/pexels-david-abbram-3702434-scaled.jpg 1707w\" sizes=\"(max-width: 683px) 100vw, 683px\"><\/figure><div class=\"wp-block-media-text__content\">\n<p><\/p>\n\n\n\n<p><span class=\"has-inline-color has-black-color\"><strong><u>Avec les coss\u00ades de petits pois<\/u><\/strong>&nbsp;:<\/span><\/p>\n\n\n\n<ul><li><span class=\"has-inline-color has-black-color\"><strong><u>En Velout\u00e9 \u2014 Soupe<\/u><\/strong>&nbsp;: Une fois les fil\u00ada\u00adments sup\u00adprim\u00e9s des coss\u00ades de petits pois, il vous reste \u00e0 mix\u00ader l\u2019ensem\u00adble pour obtenir un excel\u00adlent velout\u00e9 chaud ou&nbsp;froid.<\/span><\/li><li><span class=\"has-inline-color has-black-color\"><strong><u>En Pur\u00e9e<\/u><\/strong>&nbsp;: Vous pou\u00advez \u00e9gale\u00adment broy\u00ader les coss\u00ades avec des pommes de terre pour m\u00e9langer en&nbsp;pur\u00e9e.<\/span><\/li><\/ul>\n\n\n\n<p><\/p>\n\n\n\n<p><\/p>\n<\/div><\/div>\n\n\n\n<div class=\"wp-block-media-text alignwide has-media-on-the-right is-stacked-on-mobile is-image-fill\"><figure class=\"wp-block-media-text__media\" style=\"background-image:url(https:\/\/lechouettepotager.org\/wp-content\/uploads\/2021\/02\/pesto-886x1024.jpg);background-position:50% 50%\"><img decoding=\"async\" loading=\"lazy\" width=\"886\" height=\"1024\" src=\"https:\/\/lechouettepotager.org\/wp-content\/uploads\/2021\/02\/pesto-886x1024.jpg\" alt class=\"wp-image-1405 size-full\" srcset=\"https:\/\/lechouettepotager.org\/wp-content\/uploads\/2021\/02\/pesto-886x1024.jpg 886w, https:\/\/lechouettepotager.org\/wp-content\/uploads\/2021\/02\/pesto-259x300.jpg 259w, https:\/\/lechouettepotager.org\/wp-content\/uploads\/2021\/02\/pesto-768x888.jpg 768w, https:\/\/lechouettepotager.org\/wp-content\/uploads\/2021\/02\/pesto-1328x1536.jpg 1328w, https:\/\/lechouettepotager.org\/wp-content\/uploads\/2021\/02\/pesto-1771x2048.jpg 1771w, https:\/\/lechouettepotager.org\/wp-content\/uploads\/2021\/02\/pesto-1024x1184.jpg 1024w, https:\/\/lechouettepotager.org\/wp-content\/uploads\/2021\/02\/pesto-934x1080.jpg 934w\" sizes=\"(max-width: 886px) 100vw, 886px\"><\/figure><div class=\"wp-block-media-text__content\">\n<p><\/p>\n\n\n\n<p><strong><u><span class=\"has-inline-color has-black-color\">Diverses id\u00e9es avec des fanes de carottes, radis betteraves&nbsp;\u2026<\/span><\/u><\/strong><\/p>\n\n\n\n<ul><li><span class=\"has-inline-color has-black-color\">Si les fanes sont fraich\u00ades et ten\u00addre, m\u00e9langez-\u200bles en salade<\/span><\/li><li><span class=\"has-inline-color has-black-color\">Ou \u00e0 la po\u00eale comme des \u00e9pinards pour agr\u00e9\u00admenter omelettes, flans, quiche, tarte.<\/span><\/li><li><span class=\"has-inline-color has-black-color\">Les plus fl\u00e9tries ter\u00admineront en soupe avec des pommes de terre et des oignons.<\/span><\/li><li><span class=\"has-inline-color has-black-color\">Les fanes radis, mix\u00e9es avec du cit\u00adron, des pois chich\u00ades, de l\u2019ail et de l\u2019huile d\u2019o\u00adlive, don\u00adnent un savoureux hou\u00admous (c\u2019est une pr\u00e9\u00adpa\u00adra\u00adtion culi\u00adnaire du Proche-\u200bOrient, com\u00adpos\u00e9e notam\u00adment de pur\u00e9e de pois chich\u00ades et de Tahiti.)<\/span><\/li><\/ul>\n\n\n\n<p><span class=\"has-inline-color has-black-color\">Avec les fanes de carottes, vous pou\u00advez r\u00e9alis\u00ader un pesto par\u00adfum\u00e9 en les mix\u00adant avec une poign\u00e9e de pis\u00adtach\u00ades, une gousse d\u2019ail, 2 cuil\u00adl\u00e8res \u00e0 soupe d\u2019huile et un peu&nbsp;d\u2019eau<\/span><\/p>\n\n\n\n<p><\/p>\n<\/div><\/div>\n\n\n\n<div class=\"wp-block-media-text alignwide is-stacked-on-mobile is-image-fill\"><figure class=\"wp-block-media-text__media\" style=\"background-image:url(https:\/\/lechouettepotager.org\/wp-content\/uploads\/2021\/02\/pexels-alesia-kozik-6072035-683x1024.jpg);background-position:50% 50%\"><img decoding=\"async\" loading=\"lazy\" width=\"683\" height=\"1024\" src=\"https:\/\/lechouettepotager.org\/wp-content\/uploads\/2021\/02\/pexels-alesia-kozik-6072035-683x1024.jpg\" alt class=\"wp-image-1408 size-full\" srcset=\"https:\/\/lechouettepotager.org\/wp-content\/uploads\/2021\/02\/pexels-alesia-kozik-6072035-683x1024.jpg 683w, https:\/\/lechouettepotager.org\/wp-content\/uploads\/2021\/02\/pexels-alesia-kozik-6072035-200x300.jpg 200w, https:\/\/lechouettepotager.org\/wp-content\/uploads\/2021\/02\/pexels-alesia-kozik-6072035-768x1151.jpg 768w, https:\/\/lechouettepotager.org\/wp-content\/uploads\/2021\/02\/pexels-alesia-kozik-6072035-1025x1536.jpg 1025w, https:\/\/lechouettepotager.org\/wp-content\/uploads\/2021\/02\/pexels-alesia-kozik-6072035-scaled.jpg 1709w\" sizes=\"(max-width: 683px) 100vw, 683px\"><\/figure><div class=\"wp-block-media-text__content\">\n<p><\/p>\n\n\n\n<p><span class=\"has-inline-color has-black-color\"><strong><u>Avec les \u00e9pluchures de l\u00e9gumes<\/u><\/strong>&nbsp;:<\/span><\/p>\n\n\n\n<ul><li><span class=\"has-inline-color has-black-color\"><strong><u>Chips<\/u><\/strong>&nbsp;: Pratiquement la m\u00eame m\u00e9th\u00adode que pour les chips de pommes, mais avec des \u00e9pluchures de carottes, cour\u00adgettes, aubergines, panais ou pommes de terre. Une fois lav\u00e9e, placez-\u200bles sur la plaque du four avec un peu de sel, d\u2019herbes ou de cur\u00adry. Faire cuire un quart d\u2019heure \u00e0&nbsp;150\u00b0<\/span><\/li><\/ul>\n\n\n\n<p><\/p>\n<\/div><\/div>\n\n\n\n<div class=\"wp-block-media-text alignwide has-media-on-the-right is-stacked-on-mobile is-image-fill\"><figure class=\"wp-block-media-text__media\" style=\"background-image:url(https:\/\/lechouettepotager.org\/wp-content\/uploads\/2021\/02\/pexels-ponyo-sakana-4194613-683x1024.jpg);background-position:50% 50%\"><img decoding=\"async\" loading=\"lazy\" width=\"683\" height=\"1024\" src=\"https:\/\/lechouettepotager.org\/wp-content\/uploads\/2021\/02\/pexels-ponyo-sakana-4194613-683x1024.jpg\" alt class=\"wp-image-1410 size-full\" srcset=\"https:\/\/lechouettepotager.org\/wp-content\/uploads\/2021\/02\/pexels-ponyo-sakana-4194613-683x1024.jpg 683w, https:\/\/lechouettepotager.org\/wp-content\/uploads\/2021\/02\/pexels-ponyo-sakana-4194613-200x300.jpg 200w, https:\/\/lechouettepotager.org\/wp-content\/uploads\/2021\/02\/pexels-ponyo-sakana-4194613-768x1152.jpg 768w, https:\/\/lechouettepotager.org\/wp-content\/uploads\/2021\/02\/pexels-ponyo-sakana-4194613-1024x1536.jpg 1024w, https:\/\/lechouettepotager.org\/wp-content\/uploads\/2021\/02\/pexels-ponyo-sakana-4194613-1366x2048.jpg 1366w, https:\/\/lechouettepotager.org\/wp-content\/uploads\/2021\/02\/pexels-ponyo-sakana-4194613-720x1080.jpg 720w, https:\/\/lechouettepotager.org\/wp-content\/uploads\/2021\/02\/pexels-ponyo-sakana-4194613-scaled.jpg 1707w\" sizes=\"(max-width: 683px) 100vw, 683px\"><\/figure><div class=\"wp-block-media-text__content\">\n<p><\/p>\n\n\n\n<p><span class=\"has-inline-color has-black-color\"><strong><u>Avec les poireaux<\/u><\/strong>&nbsp;:<\/span><\/p>\n\n\n\n<ul><li><span class=\"has-inline-color has-black-color\"><strong>Le vert<\/strong> se coupe en fines lamelles pour \u00eatre cuit comme le blanc. Ensuite vous pou\u00advez l\u2019in\u00adcor\u00adpor\u00ader dans une omelette ou une quiche.<\/span><\/li><li><span class=\"has-inline-color has-black-color\">Mixer, il vit\u00ada\u00admine les soupes et leur donne un sacr\u00e9&nbsp;gout.<\/span><\/li><li><span class=\"has-inline-color has-black-color\"><strong>Les radi\u00adcelles<\/strong>, une fois bross\u00e9es, lav\u00e9es faites les dor\u00ader \u00e0 la po\u00eale avec un peu d\u2019huile et d\u00e9gustez les en l\u00e9gumes.<\/span><\/li><\/ul>\n\n\n\n<p><\/p>\n\n\n\n<p><\/p>\n<\/div><\/div>\n\n\n\n<div class=\"wp-block-media-text alignwide is-stacked-on-mobile is-image-fill\"><figure class=\"wp-block-media-text__media\" style=\"background-image:url(https:\/\/lechouettepotager.org\/wp-content\/uploads\/2021\/02\/pexels-pixabay-262947-1024x694.jpg);background-position:50% 50%\"><img decoding=\"async\" loading=\"lazy\" width=\"1024\" height=\"694\" src=\"https:\/\/lechouettepotager.org\/wp-content\/uploads\/2021\/02\/pexels-pixabay-262947-1024x694.jpg\" alt class=\"wp-image-1414 size-full\" srcset=\"https:\/\/lechouettepotager.org\/wp-content\/uploads\/2021\/02\/pexels-pixabay-262947-1024x694.jpg 1024w, https:\/\/lechouettepotager.org\/wp-content\/uploads\/2021\/02\/pexels-pixabay-262947-300x203.jpg 300w, https:\/\/lechouettepotager.org\/wp-content\/uploads\/2021\/02\/pexels-pixabay-262947-768x521.jpg 768w, https:\/\/lechouettepotager.org\/wp-content\/uploads\/2021\/02\/pexels-pixabay-262947-1536x1041.jpg 1536w, https:\/\/lechouettepotager.org\/wp-content\/uploads\/2021\/02\/pexels-pixabay-262947-2048x1389.jpg 2048w, https:\/\/lechouettepotager.org\/wp-content\/uploads\/2021\/02\/pexels-pixabay-262947-1593x1080.jpg 1593w\" sizes=\"(max-width: 1024px) 100vw, 1024px\"><\/figure><div class=\"wp-block-media-text__content\">\n<p><\/p>\n\n\n\n<p><strong><u><span class=\"has-inline-color has-black-color\">Le Petit&nbsp;plus<\/span><\/u><\/strong><\/p>\n\n\n\n<ul><li><span class=\"has-inline-color has-black-color\">Les \u00e9pluchures de con\u00adcom\u00adbre aro\u00adma\u00adtisent l\u2019eau&nbsp;plate<\/span><\/li><li><span class=\"has-inline-color has-black-color\">Les feuilles de salade fl\u00e9tries se trans\u00adfor\u00adment en&nbsp;soupe<\/span><\/li><li><span class=\"has-inline-color has-black-color\">Le c\u0153ur des choux se mange cuit, tr\u00e8s fine\u00adment \u00e9minc\u00e9 ou en potages<\/span><\/li><li><span class=\"has-inline-color has-black-color\">Les feuilles de panais cuites agr\u00e9\u00admentent quich\u00ades, omelettes<\/span><\/li><li><span class=\"has-inline-color has-black-color\">Les feuilles de navet se cuisent en&nbsp;pesto<\/span><\/li><li><span class=\"has-inline-color has-black-color\">Les graines de courges, sal\u00e9es, se r\u00f4tis\u00adsent au four pour \u00eatre cro\u00adqu\u00e9es \u00e0 l\u2019ap\u00e9ritif<\/span><\/li><li><span class=\"has-inline-color has-black-color\">Les feuilles d\u2019en\u00addives abim\u00e9es se man\u00adgent en soupes.<\/span><\/li><\/ul>\n<\/div><\/div>\n\n\n\n<p><\/p>\n","protected":false},"excerpt":{"rendered":"<p>que faire de vos  \u00e9pluchures&nbsp; et restes de l\u00e9gumes et fruits&nbsp;\u2026<\/p>\n","protected":false},"author":1,"featured_media":1381,"comment_status":"closed","ping_status":"closed","sticky":false,"template":"","format":"standard","meta":{"_coblocks_attr":"","_coblocks_dimensions":"","_coblocks_responsive_height":"","_coblocks_accordion_ie_support":"","_uag_custom_page_level_css":"","wp_typography_post_enhancements_disabled":false,"ngg_post_thumbnail":0,"footnotes":""},"categories":[1,23],"tags":[],"featured_image_src":"https:\/\/lechouettepotager.org\/wp-content\/uploads\/2021\/02\/pexels-yaroslav-shuraev-5085407-scaled.jpg","featured_image_src_square":"https:\/\/lechouettepotager.org\/wp-content\/uploads\/2021\/02\/pexels-yaroslav-shuraev-5085407-scaled.jpg","author_info":{"display_name":"Webmaster","author_link":"https:\/\/lechouettepotager.org\/index.php\/author\/admin7426\/"},"uagb_featured_image_src":{"full":["https:\/\/lechouettepotager.org\/wp-content\/uploads\/2021\/02\/pexels-yaroslav-shuraev-5085407-scaled.jpg",1707,2560,false],"thumbnail":["https:\/\/lechouettepotager.org\/wp-content\/uploads\/2021\/02\/pexels-yaroslav-shuraev-5085407-150x150.jpg",150,150,true],"medium":["https:\/\/lechouettepotager.org\/wp-content\/uploads\/2021\/02\/pexels-yaroslav-shuraev-5085407-200x300.jpg",200,300,true],"medium_large":["https:\/\/lechouettepotager.org\/wp-content\/uploads\/2021\/02\/pexels-yaroslav-shuraev-5085407-768x1152.jpg",768,1152,true],"large":["https:\/\/lechouettepotager.org\/wp-content\/uploads\/2021\/02\/pexels-yaroslav-shuraev-5085407-683x1024.jpg",683,1024,true],"1536x1536":["https:\/\/lechouettepotager.org\/wp-content\/uploads\/2021\/02\/pexels-yaroslav-shuraev-5085407-1024x1536.jpg",1024,1536,true],"2048x2048":["https:\/\/lechouettepotager.org\/wp-content\/uploads\/2021\/02\/pexels-yaroslav-shuraev-5085407-1365x2048.jpg",1365,2048,true],"ab-block-post-grid-landscape":["https:\/\/lechouettepotager.org\/wp-content\/uploads\/2021\/02\/pexels-yaroslav-shuraev-5085407-scaled.jpg",267,400,false],"ab-block-post-grid-square":["https:\/\/lechouettepotager.org\/wp-content\/uploads\/2021\/02\/pexels-yaroslav-shuraev-5085407-scaled.jpg",400,600,false],"post-thumbnail":["https:\/\/lechouettepotager.org\/wp-content\/uploads\/2021\/02\/pexels-yaroslav-shuraev-5085407-1024x1536.jpg",1024,1536,true],"mesmerize-full-hd":["https:\/\/lechouettepotager.org\/wp-content\/uploads\/2021\/02\/pexels-yaroslav-shuraev-5085407-720x1080.jpg",720,1080,true]},"uagb_author_info":{"display_name":"Webmaster","author_link":"https:\/\/lechouettepotager.org\/index.php\/author\/admin7426\/"},"uagb_comment_info":0,"uagb_excerpt":"que faire de vos \u00e9pluchures\u00a0 et restes de l\u00e9gumes et fruits ...","_links":{"self":[{"href":"https:\/\/lechouettepotager.org\/index.php\/wp-json\/wp\/v2\/posts\/1380"}],"collection":[{"href":"https:\/\/lechouettepotager.org\/index.php\/wp-json\/wp\/v2\/posts"}],"about":[{"href":"https:\/\/lechouettepotager.org\/index.php\/wp-json\/wp\/v2\/types\/post"}],"author":[{"embeddable":true,"href":"https:\/\/lechouettepotager.org\/index.php\/wp-json\/wp\/v2\/users\/1"}],"replies":[{"embeddable":true,"href":"https:\/\/lechouettepotager.org\/index.php\/wp-json\/wp\/v2\/comments?post=1380"}],"version-history":[{"count":31,"href":"https:\/\/lechouettepotager.org\/index.php\/wp-json\/wp\/v2\/posts\/1380\/revisions"}],"predecessor-version":[{"id":1424,"href":"https:\/\/lechouettepotager.org\/index.php\/wp-json\/wp\/v2\/posts\/1380\/revisions\/1424"}],"wp:featuredmedia":[{"embeddable":true,"href":"https:\/\/lechouettepotager.org\/index.php\/wp-json\/wp\/v2\/media\/1381"}],"wp:attachment":[{"href":"https:\/\/lechouettepotager.org\/index.php\/wp-json\/wp\/v2\/media?parent=1380"}],"wp:term":[{"taxonomy":"category","embeddable":true,"href":"https:\/\/lechouettepotager.org\/index.php\/wp-json\/wp\/v2\/categories?post=1380"},{"taxonomy":"post_tag","embeddable":true,"href":"https:\/\/lechouettepotager.org\/index.php\/wp-json\/wp\/v2\/tags?post=1380"}],"curies":[{"name":"wp","href":"https:\/\/api.w.org\/{rel}","templated":true}]}}