{"id":1557,"date":"2021-04-29T12:10:09","date_gmt":"2021-04-29T10:10:09","guid":{"rendered":"https:\/\/lechouettepotager.org\/?p=1557"},"modified":"2021-11-18T09:16:16","modified_gmt":"2021-11-18T08:16:16","slug":"les-voyages-de-pino-et-divento-reporterres-des-jardins-et-vergers-de-la-chouette","status":"publish","type":"post","link":"https:\/\/lechouettepotager.org\/index.php\/2021\/04\/29\/les-voyages-de-pino-et-divento-reporterres-des-jardins-et-vergers-de-la-chouette\/","title":{"rendered":"Les voyages de Pino et Divento  reporTerres des jardins et vergers de la chouette"},"content":{"rendered":"\n<h2 class=\"wp-block-heading\" id=\"episode-1-le-rendez-vous-place-de-l-etoile-a-la-mongeotte\">Episode 1&nbsp;: Le Rendez-\u200bvous place de l\u2019\u00e9toile \u00e0 la Mongeotte.<\/h2>\n\n\n<p><\/p>\n<p style=\"text-align: justify;\"><span style=\"color: #000000;\">C\u2019est un ven\u00addre\u00addi matin d\u2019Avril. Il fait d\u00e9j\u00e0 doux, pas encore chaud, cela annonce timide\u00adment ce print\u00ademps cher aux jardiniers.<\/span><\/p>\n<p style=\"text-align: justify;\"><span style=\"color: #000000;\">Pino et Divento pour leur pre\u00admi\u00e8re aven\u00adture ont rendez-\u200bvous \u00e0 <a href=\"http:\/\/umap.openstreetmap.fr\/fr\/map\/les-14-sites-des-jardins-et-vergers-de-la-chouette_367462#17\/47.29543\/5.07565\" target=\"_blank\" rel=\"noopener\">La Mongeotte<\/a> avec <strong><em>Emmanuel<\/em><\/strong>, l\u2019an\u00adi\u00adma\u00adteur du site. Ils sont chaleureuse\u00adment accueil\u00adlis par ce sym\u00adpa\u00adthique jar\u00addinier tr\u00e8s exp\u00e9ri\u00admen\u00adt\u00e9 au beau milieu de la place de l\u2019\u00e9toile.<\/span><\/p>\n\n\n<p><\/p>\n\n\n\n<figure class=\"wp-block-gallery columns-1 is-cropped wp-block-gallery-1 is-layout-flex wp-block-gallery-is-layout-flex\"><ul class=\"blocks-gallery-grid\"><li class=\"blocks-gallery-item\"><figure><a href=\"https:\/\/lechouettepotager.org\/wp-content\/uploads\/2021\/04\/la-mongeotte-3.jpg\"><img decoding=\"async\" loading=\"lazy\" width=\"1152\" height=\"625\" src=\"https:\/\/lechouettepotager.org\/wp-content\/uploads\/2021\/04\/la-mongeotte-3.jpg\" alt data-id=\"1693\" data-full-url=\"https:\/\/lechouettepotager.org\/wp-content\/uploads\/2021\/04\/la-mongeotte-3.jpg\" data-link=\"https:\/\/lechouettepotager.org\/?attachment_id=1693\" class=\"wp-image-1693\" srcset=\"https:\/\/lechouettepotager.org\/wp-content\/uploads\/2021\/04\/la-mongeotte-3.jpg 1152w, https:\/\/lechouettepotager.org\/wp-content\/uploads\/2021\/04\/la-mongeotte-3-300x163.jpg 300w, https:\/\/lechouettepotager.org\/wp-content\/uploads\/2021\/04\/la-mongeotte-3-1024x556.jpg 1024w, https:\/\/lechouettepotager.org\/wp-content\/uploads\/2021\/04\/la-mongeotte-3-768x417.jpg 768w\" sizes=\"(max-width: 1152px) 100vw, 1152px\"><\/a><\/figure><\/li><\/ul><\/figure>\n\n\n<p>&nbsp;<\/p>\n<p style=\"text-align: justify;\"><span style=\"color: #000000;\">Nos deux reporTerres ne cachent pas leur sur\u00adprise devant ce spec\u00adta\u00adcle sur\u00adprenant et inat\u00adten\u00addu. Ils ont la sen\u00adsa\u00adtion d\u2019\u00eatre dans un autre monde de ver\u00addure et de plan\u00adta\u00adtions potag\u00e8res et fruiti\u00e8res organ\u00adis\u00e9es en \u00e9toile \u00e0 huit branches.<\/span><\/p>\n<p style=\"text-align: justify;\"><span style=\"color: #000000;\">Leur \u00e9ton\u00adnement aug\u00admente lorsqu\u2019ils s\u2019enfoncent avec leur h\u00f4te dans une des all\u00e9es de charmilles qui les m\u00e8ne en con\u00adtre\u00adbas \u00e0 un petit sous-\u200bbois bor\u00addant de mag\u00adnifiques potagers bien ordon\u00adn\u00e9s et tra\u00advail\u00adl\u00e9s dans une terre riche. Tout est encore en demi-\u200bsommeil comme il se doit en cette saison.<\/span><\/p>\n<p style=\"text-align: justify;\">&nbsp;<\/p>\n<p style=\"text-align: center;\"><span style=\"text-decoration: underline;\"><span style=\"color: #000000; text-decoration: underline;\">Galerie de 15 photos<\/span><\/span><\/p>\n\n<style type=\"text\/css\">\n\t#foogallery-gallery-1669 .fg-image {\n        width: 150px;\n    }\n<\/style>\n\t\t\t\t<div class=\"foogallery foogallery-container foogallery-default foogallery-lightbox-none fg-gutter-10 fg-center fg-default fg-light fg-border-thin fg-shadow-outline fg-loading-default fg-loaded-fade-in fg-caption-hover fg-hover-fade fg-hover-zoom fg-ready\" id=\"foogallery-gallery-1669\" data-foogallery=\"{&quot;item&quot;:{&quot;showCaptionTitle&quot;:true,&quot;showCaptionDescription&quot;:true},&quot;lazy&quot;:true}\">\n\t<div class=\"fg-item fg-type-image fg-idle\"><figure class=\"fg-item-inner\"><a href=\"https:\/\/lechouettepotager.org\/wp-content\/uploads\/2021\/04\/IMGP4337-scaled.jpg\" data-caption-title=\"L'entr\u00e9e principale\" data-attachment-id=\"1613\" data-type=\"image\" class=\"fg-thumb\"><span class=\"fg-image-wrap\"><img decoding=\"async\" title=\"L'entr\u00e9e principale\" width=\"150\" height=\"150\" class=\"skip-lazy fg-image\" data-src-fg=\"https:\/\/lechouettepotager.org\/wp-content\/uploads\/2021\/04\/IMGP4337-scaled.jpg\" src=\"data:image\/svg+xml,%3Csvg%20xmlns%3D%22http%3A%2F%2Fwww.w3.org%2F2000%2Fsvg%22%20width%3D%22150%22%20height%3D%22150%22%20viewBox%3D%220%200%20150%20150%22%3E%3C%2Fsvg%3E\" loading=\"eager\"><\/span><span class=\"fg-image-overlay\"><\/span><\/a><figcaption class=\"fg-caption\"><div class=\"fg-caption-inner\"><div class=\"fg-caption-title\">L\u2019entr\u00e9e prin\u00adci\u00adpale<\/div><\/div><\/figcaption><\/figure><div class=\"fg-loader\"><\/div><\/div><div class=\"fg-item fg-type-image fg-idle\"><figure class=\"fg-item-inner\"><a href=\"https:\/\/lechouettepotager.org\/wp-content\/uploads\/2021\/04\/IMGP4348-scaled.jpg\" data-caption-title=\"une des all\u00e9es de charmilles\" data-attachment-id=\"1623\" data-type=\"image\" class=\"fg-thumb\"><span class=\"fg-image-wrap\"><img decoding=\"async\" title=\"une des all\u00e9es de charmilles\" width=\"150\" height=\"150\" class=\"skip-lazy fg-image\" data-src-fg=\"https:\/\/lechouettepotager.org\/wp-content\/uploads\/2021\/04\/IMGP4348-scaled.jpg\" src=\"data:image\/svg+xml,%3Csvg%20xmlns%3D%22http%3A%2F%2Fwww.w3.org%2F2000%2Fsvg%22%20width%3D%22150%22%20height%3D%22150%22%20viewBox%3D%220%200%20150%20150%22%3E%3C%2Fsvg%3E\" loading=\"eager\"><\/span><span class=\"fg-image-overlay\"><\/span><\/a><figcaption class=\"fg-caption\"><div class=\"fg-caption-inner\"><div class=\"fg-caption-title\">une des all\u00e9es de charmilles<\/div><\/div><\/figcaption><\/figure><div class=\"fg-loader\"><\/div><\/div><div class=\"fg-item fg-type-image fg-idle\"><figure class=\"fg-item-inner\"><a href=\"https:\/\/lechouettepotager.org\/wp-content\/uploads\/2021\/04\/IMGP4352-scaled.jpg\" data-caption-title=\"l'acc\u00e8s d'un jardin\" data-attachment-id=\"1627\" data-type=\"image\" class=\"fg-thumb\"><span class=\"fg-image-wrap\"><img decoding=\"async\" title=\"l'acc\u00e8s d'un jardin\" width=\"150\" height=\"150\" class=\"skip-lazy fg-image\" data-src-fg=\"https:\/\/lechouettepotager.org\/wp-content\/uploads\/2021\/04\/IMGP4352-scaled.jpg\" src=\"data:image\/svg+xml,%3Csvg%20xmlns%3D%22http%3A%2F%2Fwww.w3.org%2F2000%2Fsvg%22%20width%3D%22150%22%20height%3D%22150%22%20viewBox%3D%220%200%20150%20150%22%3E%3C%2Fsvg%3E\" loading=\"eager\"><\/span><span class=\"fg-image-overlay\"><\/span><\/a><figcaption class=\"fg-caption\"><div class=\"fg-caption-inner\"><div class=\"fg-caption-title\">l\u2019ac\u00adc\u00e8s d\u2019un jardin<\/div><\/div><\/figcaption><\/figure><div class=\"fg-loader\"><\/div><\/div><div class=\"fg-item fg-type-image fg-idle\"><figure class=\"fg-item-inner\"><a href=\"https:\/\/lechouettepotager.org\/wp-content\/uploads\/2021\/04\/IMGP4354-scaled.jpg\" data-caption-title=\"un autre jardin cultiv\u00e9\" data-attachment-id=\"1629\" data-type=\"image\" class=\"fg-thumb\"><span class=\"fg-image-wrap\"><img decoding=\"async\" title=\"un autre jardin cultiv\u00e9\" width=\"150\" height=\"150\" class=\"skip-lazy fg-image\" data-src-fg=\"https:\/\/lechouettepotager.org\/wp-content\/uploads\/2021\/04\/IMGP4354-scaled.jpg\" src=\"data:image\/svg+xml,%3Csvg%20xmlns%3D%22http%3A%2F%2Fwww.w3.org%2F2000%2Fsvg%22%20width%3D%22150%22%20height%3D%22150%22%20viewBox%3D%220%200%20150%20150%22%3E%3C%2Fsvg%3E\" loading=\"eager\"><\/span><span class=\"fg-image-overlay\"><\/span><\/a><figcaption class=\"fg-caption\"><div class=\"fg-caption-inner\"><div class=\"fg-caption-title\">un autre jardin cultiv\u00e9<\/div><\/div><\/figcaption><\/figure><div class=\"fg-loader\"><\/div><\/div><div class=\"fg-item fg-type-image fg-idle\"><figure class=\"fg-item-inner\"><a href=\"https:\/\/lechouettepotager.org\/wp-content\/uploads\/2021\/04\/IMGP4340-scaled.jpg\" data-caption-title=\"un autre jardin cultiv\u00e9\" data-attachment-id=\"1615\" data-type=\"image\" class=\"fg-thumb\"><span class=\"fg-image-wrap\"><img decoding=\"async\" title=\"un autre jardin cultiv\u00e9\" width=\"150\" height=\"150\" class=\"skip-lazy fg-image\" data-src-fg=\"https:\/\/lechouettepotager.org\/wp-content\/uploads\/2021\/04\/IMGP4340-scaled.jpg\" src=\"data:image\/svg+xml,%3Csvg%20xmlns%3D%22http%3A%2F%2Fwww.w3.org%2F2000%2Fsvg%22%20width%3D%22150%22%20height%3D%22150%22%20viewBox%3D%220%200%20150%20150%22%3E%3C%2Fsvg%3E\" loading=\"eager\"><\/span><span class=\"fg-image-overlay\"><\/span><\/a><figcaption class=\"fg-caption\"><div class=\"fg-caption-inner\"><div class=\"fg-caption-title\">un autre jardin cultiv\u00e9<\/div><\/div><\/figcaption><\/figure><div class=\"fg-loader\"><\/div><\/div><div class=\"fg-item fg-type-image fg-idle\"><figure class=\"fg-item-inner\"><a href=\"https:\/\/lechouettepotager.org\/wp-content\/uploads\/2021\/04\/IMGP4342-scaled.jpg\" data-caption-title=\"un autre jardin cultiv\u00e9\" data-attachment-id=\"1617\" data-type=\"image\" class=\"fg-thumb\"><span class=\"fg-image-wrap\"><img decoding=\"async\" title=\"un autre jardin cultiv\u00e9\" width=\"150\" height=\"150\" class=\"skip-lazy fg-image\" data-src-fg=\"https:\/\/lechouettepotager.org\/wp-content\/uploads\/2021\/04\/IMGP4342-scaled.jpg\" src=\"data:image\/svg+xml,%3Csvg%20xmlns%3D%22http%3A%2F%2Fwww.w3.org%2F2000%2Fsvg%22%20width%3D%22150%22%20height%3D%22150%22%20viewBox%3D%220%200%20150%20150%22%3E%3C%2Fsvg%3E\" loading=\"eager\"><\/span><span class=\"fg-image-overlay\"><\/span><\/a><figcaption class=\"fg-caption\"><div class=\"fg-caption-inner\"><div class=\"fg-caption-title\">un autre jardin cultiv\u00e9<\/div><\/div><\/figcaption><\/figure><div class=\"fg-loader\"><\/div><\/div><div class=\"fg-item fg-type-image fg-idle\"><figure class=\"fg-item-inner\"><a href=\"https:\/\/lechouettepotager.org\/wp-content\/uploads\/2021\/04\/IMGP4343-scaled.jpg\" data-caption-title=\"encore un jardin\" data-attachment-id=\"1618\" data-type=\"image\" class=\"fg-thumb\"><span class=\"fg-image-wrap\"><img decoding=\"async\" title=\"encore un jardin\" width=\"150\" height=\"150\" class=\"skip-lazy fg-image\" data-src-fg=\"https:\/\/lechouettepotager.org\/wp-content\/uploads\/2021\/04\/IMGP4343-scaled.jpg\" src=\"data:image\/svg+xml,%3Csvg%20xmlns%3D%22http%3A%2F%2Fwww.w3.org%2F2000%2Fsvg%22%20width%3D%22150%22%20height%3D%22150%22%20viewBox%3D%220%200%20150%20150%22%3E%3C%2Fsvg%3E\" loading=\"eager\"><\/span><span class=\"fg-image-overlay\"><\/span><\/a><figcaption class=\"fg-caption\"><div class=\"fg-caption-inner\"><div class=\"fg-caption-title\">encore un jardin<\/div><\/div><\/figcaption><\/figure><div class=\"fg-loader\"><\/div><\/div><div class=\"fg-item fg-type-image fg-idle\"><figure class=\"fg-item-inner\"><a href=\"https:\/\/lechouettepotager.org\/wp-content\/uploads\/2021\/04\/IMGP4355-scaled.jpg\" data-caption-title=\"des plants de salade\" data-attachment-id=\"1630\" data-type=\"image\" class=\"fg-thumb\"><span class=\"fg-image-wrap\"><img decoding=\"async\" title=\"des plants de salade\" width=\"150\" height=\"150\" class=\"skip-lazy fg-image\" data-src-fg=\"https:\/\/lechouettepotager.org\/wp-content\/uploads\/2021\/04\/IMGP4355-scaled.jpg\" src=\"data:image\/svg+xml,%3Csvg%20xmlns%3D%22http%3A%2F%2Fwww.w3.org%2F2000%2Fsvg%22%20width%3D%22150%22%20height%3D%22150%22%20viewBox%3D%220%200%20150%20150%22%3E%3C%2Fsvg%3E\" loading=\"eager\"><\/span><span class=\"fg-image-overlay\"><\/span><\/a><figcaption class=\"fg-caption\"><div class=\"fg-caption-inner\"><div class=\"fg-caption-title\">des plants de salade<\/div><\/div><\/figcaption><\/figure><div class=\"fg-loader\"><\/div><\/div><div class=\"fg-item fg-type-image fg-idle\"><figure class=\"fg-item-inner\"><a href=\"https:\/\/lechouettepotager.org\/wp-content\/uploads\/2021\/04\/IMGP4346-scaled.jpg\" data-caption-title=\"un autre jardin cultiv\u00e9\" data-attachment-id=\"1621\" data-type=\"image\" class=\"fg-thumb\"><span class=\"fg-image-wrap\"><img decoding=\"async\" title=\"un autre jardin cultiv\u00e9\" width=\"150\" height=\"150\" class=\"skip-lazy fg-image\" data-src-fg=\"https:\/\/lechouettepotager.org\/wp-content\/uploads\/2021\/04\/IMGP4346-scaled.jpg\" src=\"data:image\/svg+xml,%3Csvg%20xmlns%3D%22http%3A%2F%2Fwww.w3.org%2F2000%2Fsvg%22%20width%3D%22150%22%20height%3D%22150%22%20viewBox%3D%220%200%20150%20150%22%3E%3C%2Fsvg%3E\" loading=\"eager\"><\/span><span class=\"fg-image-overlay\"><\/span><\/a><figcaption class=\"fg-caption\"><div class=\"fg-caption-inner\"><div class=\"fg-caption-title\">un autre jardin cultiv\u00e9<\/div><\/div><\/figcaption><\/figure><div class=\"fg-loader\"><\/div><\/div><div class=\"fg-item fg-type-image fg-idle\"><figure class=\"fg-item-inner\"><a href=\"https:\/\/lechouettepotager.org\/wp-content\/uploads\/2021\/04\/IMGP4350-scaled.jpg\" data-caption-title=\"une cabane et son abri\" data-attachment-id=\"1625\" data-type=\"image\" class=\"fg-thumb\"><span class=\"fg-image-wrap\"><img decoding=\"async\" title=\"une cabane et son abri\" width=\"150\" height=\"150\" class=\"skip-lazy fg-image\" data-src-fg=\"https:\/\/lechouettepotager.org\/wp-content\/uploads\/2021\/04\/IMGP4350-scaled.jpg\" src=\"data:image\/svg+xml,%3Csvg%20xmlns%3D%22http%3A%2F%2Fwww.w3.org%2F2000%2Fsvg%22%20width%3D%22150%22%20height%3D%22150%22%20viewBox%3D%220%200%20150%20150%22%3E%3C%2Fsvg%3E\" loading=\"eager\"><\/span><span class=\"fg-image-overlay\"><\/span><\/a><figcaption class=\"fg-caption\"><div class=\"fg-caption-inner\"><div class=\"fg-caption-title\">une cabane et son&nbsp;abri<\/div><\/div><\/figcaption><\/figure><div class=\"fg-loader\"><\/div><\/div><div class=\"fg-item fg-type-image fg-idle\"><figure class=\"fg-item-inner\"><a href=\"https:\/\/lechouettepotager.org\/wp-content\/uploads\/2021\/04\/IMGP4351-scaled.jpg\" data-caption-title=\"une parcelle de libre\" data-attachment-id=\"1626\" data-type=\"image\" class=\"fg-thumb\"><span class=\"fg-image-wrap\"><img decoding=\"async\" title=\"une parcelle de libre\" width=\"150\" height=\"150\" class=\"skip-lazy fg-image\" data-src-fg=\"https:\/\/lechouettepotager.org\/wp-content\/uploads\/2021\/04\/IMGP4351-scaled.jpg\" src=\"data:image\/svg+xml,%3Csvg%20xmlns%3D%22http%3A%2F%2Fwww.w3.org%2F2000%2Fsvg%22%20width%3D%22150%22%20height%3D%22150%22%20viewBox%3D%220%200%20150%20150%22%3E%3C%2Fsvg%3E\" loading=\"eager\"><\/span><span class=\"fg-image-overlay\"><\/span><\/a><figcaption class=\"fg-caption\"><div class=\"fg-caption-inner\"><div class=\"fg-caption-title\">une par\u00adcelle de&nbsp;libre<\/div><\/div><\/figcaption><\/figure><div class=\"fg-loader\"><\/div><\/div><div class=\"fg-item fg-type-image fg-idle\"><figure class=\"fg-item-inner\"><a href=\"https:\/\/lechouettepotager.org\/wp-content\/uploads\/2021\/04\/IMGP4353-scaled.jpg\" data-caption-title=\"un lieu de d\u00e9tente ombrag\u00e9\" data-attachment-id=\"1628\" data-type=\"image\" class=\"fg-thumb\"><span class=\"fg-image-wrap\"><img decoding=\"async\" title=\"un lieu de d\u00e9tente ombrag\u00e9\" width=\"150\" height=\"150\" class=\"skip-lazy fg-image\" data-src-fg=\"https:\/\/lechouettepotager.org\/wp-content\/uploads\/2021\/04\/IMGP4353-scaled.jpg\" src=\"data:image\/svg+xml,%3Csvg%20xmlns%3D%22http%3A%2F%2Fwww.w3.org%2F2000%2Fsvg%22%20width%3D%22150%22%20height%3D%22150%22%20viewBox%3D%220%200%20150%20150%22%3E%3C%2Fsvg%3E\" loading=\"eager\"><\/span><span class=\"fg-image-overlay\"><\/span><\/a><figcaption class=\"fg-caption\"><div class=\"fg-caption-inner\"><div class=\"fg-caption-title\">un lieu de d\u00e9tente ombrag\u00e9<\/div><\/div><\/figcaption><\/figure><div class=\"fg-loader\"><\/div><\/div><div class=\"fg-item fg-type-image fg-idle\"><figure class=\"fg-item-inner\"><a href=\"https:\/\/lechouettepotager.org\/wp-content\/uploads\/2021\/04\/IMGP4356-scaled.jpg\" data-caption-title=\"un lieu de d\u00e9tente ombrag\u00e9\" data-attachment-id=\"1631\" data-type=\"image\" class=\"fg-thumb\"><span class=\"fg-image-wrap\"><img decoding=\"async\" title=\"un lieu de d\u00e9tente ombrag\u00e9\" width=\"150\" height=\"150\" class=\"skip-lazy fg-image\" data-src-fg=\"https:\/\/lechouettepotager.org\/wp-content\/uploads\/2021\/04\/IMGP4356-scaled.jpg\" src=\"data:image\/svg+xml,%3Csvg%20xmlns%3D%22http%3A%2F%2Fwww.w3.org%2F2000%2Fsvg%22%20width%3D%22150%22%20height%3D%22150%22%20viewBox%3D%220%200%20150%20150%22%3E%3C%2Fsvg%3E\" loading=\"eager\"><\/span><span class=\"fg-image-overlay\"><\/span><\/a><figcaption class=\"fg-caption\"><div class=\"fg-caption-inner\"><div class=\"fg-caption-title\">un lieu de d\u00e9tente ombrag\u00e9<\/div><\/div><\/figcaption><\/figure><div class=\"fg-loader\"><\/div><\/div><div class=\"fg-item fg-type-image fg-idle\"><figure class=\"fg-item-inner\"><a href=\"https:\/\/lechouettepotager.org\/wp-content\/uploads\/2021\/04\/IMGP4345-scaled.jpg\" data-caption-title=\"souvent les petits enfants accompagnent les grands-parents\" data-attachment-id=\"1620\" data-type=\"image\" class=\"fg-thumb\"><span class=\"fg-image-wrap\"><img decoding=\"async\" title=\"souvent les petits enfants accompagnent les grands-parents\" width=\"150\" height=\"150\" class=\"skip-lazy fg-image\" data-src-fg=\"https:\/\/lechouettepotager.org\/wp-content\/uploads\/2021\/04\/IMGP4345-scaled.jpg\" src=\"data:image\/svg+xml,%3Csvg%20xmlns%3D%22http%3A%2F%2Fwww.w3.org%2F2000%2Fsvg%22%20width%3D%22150%22%20height%3D%22150%22%20viewBox%3D%220%200%20150%20150%22%3E%3C%2Fsvg%3E\" loading=\"eager\"><\/span><span class=\"fg-image-overlay\"><\/span><\/a><figcaption class=\"fg-caption\"><div class=\"fg-caption-inner\"><div class=\"fg-caption-title\">sou\u00advent les petits enfants accom\u00adpa\u00adg\u00adnent les grands-parents<\/div><\/div><\/figcaption><\/figure><div class=\"fg-loader\"><\/div><\/div><div class=\"fg-item fg-type-image fg-idle\"><figure class=\"fg-item-inner\"><a href=\"https:\/\/lechouettepotager.org\/wp-content\/uploads\/2021\/04\/IMGP4344-scaled.jpg\" data-caption-title=\"curieusement le grand-p\u00e8re est aussi heureux que sa petite fille ....\" data-attachment-id=\"1619\" data-type=\"image\" class=\"fg-thumb\"><span class=\"fg-image-wrap\"><img decoding=\"async\" title=\"curieusement le grand-p\u00e8re est aussi heureux que sa petite fille ....\" width=\"150\" height=\"150\" class=\"skip-lazy fg-image\" data-src-fg=\"https:\/\/lechouettepotager.org\/wp-content\/uploads\/2021\/04\/IMGP4344-scaled.jpg\" src=\"data:image\/svg+xml,%3Csvg%20xmlns%3D%22http%3A%2F%2Fwww.w3.org%2F2000%2Fsvg%22%20width%3D%22150%22%20height%3D%22150%22%20viewBox%3D%220%200%20150%20150%22%3E%3C%2Fsvg%3E\" loading=\"eager\"><\/span><span class=\"fg-image-overlay\"><\/span><\/a><figcaption class=\"fg-caption\"><div class=\"fg-caption-inner\"><div class=\"fg-caption-title\">curieuse\u00adment le grand-\u200bp\u00e8re est aus\u00adsi heureux que sa petite fille&nbsp;.\u2026<\/div><\/div><\/figcaption><\/figure><div class=\"fg-loader\"><\/div><\/div><\/div>\n\n\n\n<div style=\"height:9px\" aria-hidden=\"true\" class=\"wp-block-spacer\"><\/div>\n\n\n<p style=\"text-align: center;\"><em><span style=\"color: #000000;\">(Cliquez sur la pho\u00adto pour visu\u00adalis\u00ader la galerie)<\/span><\/em><\/p>\n\n\n<div style=\"height:27px\" aria-hidden=\"true\" class=\"wp-block-spacer\"><\/div>\n\n\n\n<div style=\"height:18px\" aria-hidden=\"true\" class=\"wp-block-spacer\"><\/div>\n\n\n<p><span class=\"has-inline-color has-black-color\" style=\"color: #000000;\">Cette bal\u00adlade bucol\u00adique mon\u00adtre \u00e0 quel point on peut \u00e0 la fois cul\u00adtiv\u00ader s\u00e9rieuse\u00adment et cr\u00e9er des espaces naturels de d\u00e9tente verte. Il y a quelques 100 par\u00adcelles sur ce site dit de \u00ab&nbsp;La Mongeotte&nbsp;\u00bb. Les autres amis jar\u00addiniers ren\u00adcon\u00adtr\u00e9s sur le site regret\u00adtent que toutes ne soient pas attribu\u00e9es tant il y a \u00e0 faire et \u00e0 cr\u00e9er sur ce beau site ou la con\u00advivi\u00adal\u00adit\u00e9 est la r\u00e8gle. Tous sont d\u2019ailleurs pr\u00eats \u00e0 partager avec plaisir leur savoir-\u200bfaire avec de nou\u00adveaux arrivants. Et c\u2019est bien l\u00e0 l\u2019esprit des Jardins et Vergers de la Chouette.<\/span><\/p>\n<p><\/p>\n<p><span style=\"text-decoration: underline;\"><span style=\"color: #000000; text-decoration: underline;\">Vid\u00e9o de 1\u201c46<\/span><\/span><\/p>\n\n\n<figure class=\"wp-block-video\"><video controls src=\"https:\/\/lechouettepotager.org\/wp-content\/uploads\/2021\/04\/la-mongeotte-1.mp4\"><\/video><\/figure>\n\n\n<p style=\"text-align: left;\"><em><span style=\"color: #000000;\">(Cliquez sur&nbsp; &nbsp;<img decoding=\"async\" loading=\"lazy\" class=\"alignnone  wp-image-1607\" src=\"https:\/\/lechouettepotager.org\/wp-content\/uploads\/2021\/04\/lire.3-300x297.jpg\" alt width=\"22\" height=\"22\" srcset=\"https:\/\/lechouettepotager.org\/wp-content\/uploads\/2021\/04\/lire.3-300x297.jpg 300w, https:\/\/lechouettepotager.org\/wp-content\/uploads\/2021\/04\/lire.3-150x150.jpg 150w, https:\/\/lechouettepotager.org\/wp-content\/uploads\/2021\/04\/lire.3.jpg 626w\" sizes=\"(max-width: 22px) 100vw, 22px\"> pour visu\u00adalis\u00ader la&nbsp;vid\u00e9o)<\/span><\/em><\/p>\n\n\n<div style=\"height:32px\" aria-hidden=\"true\" class=\"wp-block-spacer\"><\/div>\n\n\n<p style=\"text-align: justify;\"><span style=\"color: #000000;\">En ren\u00adtrant de cette pre\u00admi\u00e8re escapade dans leur base secr\u00e8te, nos deux com\u00adp\u00e8res se dis\u00adent avec cer\u00adti\u00adtude que tr\u00e8s bien\u00adt\u00f4t de nou\u00adveaux jar\u00addiniers vien\u00addront rejoin\u00addre ce beau site de La Mongeotte et qu\u2019il le m\u00e9rite. D\u2019autant plus que depuis quelques temps on peut sen\u00adtir ce besoin de prox\u00adim\u00adit\u00e9 avec la nature et de con\u00adtr\u00f4le sur la qual\u00adit\u00e9 de ce que nous man\u00adgeons et don\u00adnons \u00e0 manger \u00e0 nos g\u00e9n\u00e9ra\u00adtions futures.<\/span><\/p>\n<p>&nbsp;<\/p>\n<p style=\"text-align: justify;\"><span style=\"color: #000000;\">Au pas\u00adsage et pour con\u00adclure ce pre\u00admier \u00e9pisode, saviez-\u200bvous que Mongeotte \u00e9tait un pr\u00e9nom tr\u00e8s pris\u00e9 prin\u00adci\u00adpale\u00adment \u00e0 Dijon et un peu dans l\u2019Est de la France au 17<sup>\u00e8me<\/sup> si\u00e8\u00adcle&nbsp;? Soyons cer\u00adtains qu\u2019une Mongeotte a habit\u00e9 cet endroit et qu\u2019elle y \u00e9tait accueil\u00adlante et chaleureuse \u00e0 l\u2019image de ce site et de ses jardiniers.<\/span><\/p>\n<p>&nbsp;<\/p>\n<p><span style=\"color: #000000;\">A tr\u00e8s bien\u00adt\u00f4t pour de nou\u00advelles aven\u00adtures jardini\u00e8res.<\/span><\/p>\n<h3 style=\"text-align: right;\"><span style=\"color: #000000;\">Pino et Divento<\/span><\/h3>\n\n\n<p><\/p>\n","protected":false},"excerpt":{"rendered":"<p>Suivez le pre\u00admier \u00e9pisode des aven\u00adtures de nos deux reporTerres  \u00e0 la Mongeotte<\/p>\n","protected":false},"author":1,"featured_media":1617,"comment_status":"closed","ping_status":"closed","sticky":false,"template":"","format":"standard","meta":{"_coblocks_attr":"","_coblocks_dimensions":"","_coblocks_responsive_height":"","_coblocks_accordion_ie_support":"","_uag_custom_page_level_css":"","wp_typography_post_enhancements_disabled":false,"ngg_post_thumbnail":0,"footnotes":""},"categories":[1,24,14],"tags":[],"featured_image_src":"https:\/\/lechouettepotager.org\/wp-content\/uploads\/2021\/04\/IMGP4342-scaled.jpg","featured_image_src_square":"https:\/\/lechouettepotager.org\/wp-content\/uploads\/2021\/04\/IMGP4342-scaled.jpg","author_info":{"display_name":"Webmaster","author_link":"https:\/\/lechouettepotager.org\/index.php\/author\/admin7426\/"},"uagb_featured_image_src":{"full":["https:\/\/lechouettepotager.org\/wp-content\/uploads\/2021\/04\/IMGP4342-scaled.jpg",2560,1920,false],"thumbnail":["https:\/\/lechouettepotager.org\/wp-content\/uploads\/2021\/04\/IMGP4342-150x150.jpg",150,150,true],"medium":["https:\/\/lechouettepotager.org\/wp-content\/uploads\/2021\/04\/IMGP4342-300x225.jpg",300,225,true],"medium_large":["https:\/\/lechouettepotager.org\/wp-content\/uploads\/2021\/04\/IMGP4342-768x576.jpg",768,576,true],"large":["https:\/\/lechouettepotager.org\/wp-content\/uploads\/2021\/04\/IMGP4342-1024x768.jpg",1024,768,true],"1536x1536":["https:\/\/lechouettepotager.org\/wp-content\/uploads\/2021\/04\/IMGP4342-1536x1152.jpg",1536,1152,true],"2048x2048":["https:\/\/lechouettepotager.org\/wp-content\/uploads\/2021\/04\/IMGP4342-2048x1536.jpg",2048,1536,true],"ab-block-post-grid-landscape":["https:\/\/lechouettepotager.org\/wp-content\/uploads\/2021\/04\/IMGP4342-scaled.jpg",533,400,false],"ab-block-post-grid-square":["https:\/\/lechouettepotager.org\/wp-content\/uploads\/2021\/04\/IMGP4342-scaled.jpg",600,450,false],"post-thumbnail":["https:\/\/lechouettepotager.org\/wp-content\/uploads\/2021\/04\/IMGP4342-1024x768.jpg",1024,768,true],"mesmerize-full-hd":["https:\/\/lechouettepotager.org\/wp-content\/uploads\/2021\/04\/IMGP4342-1440x1080.jpg",1440,1080,true]},"uagb_author_info":{"display_name":"Webmaster","author_link":"https:\/\/lechouettepotager.org\/index.php\/author\/admin7426\/"},"uagb_comment_info":0,"uagb_excerpt":"Suivez le premier \u00e9pisode des aventures de nos deux reporTerres \u00e0 la Mongeotte","_links":{"self":[{"href":"https:\/\/lechouettepotager.org\/index.php\/wp-json\/wp\/v2\/posts\/1557"}],"collection":[{"href":"https:\/\/lechouettepotager.org\/index.php\/wp-json\/wp\/v2\/posts"}],"about":[{"href":"https:\/\/lechouettepotager.org\/index.php\/wp-json\/wp\/v2\/types\/post"}],"author":[{"embeddable":true,"href":"https:\/\/lechouettepotager.org\/index.php\/wp-json\/wp\/v2\/users\/1"}],"replies":[{"embeddable":true,"href":"https:\/\/lechouettepotager.org\/index.php\/wp-json\/wp\/v2\/comments?post=1557"}],"version-history":[{"count":134,"href":"https:\/\/lechouettepotager.org\/index.php\/wp-json\/wp\/v2\/posts\/1557\/revisions"}],"predecessor-version":[{"id":2295,"href":"https:\/\/lechouettepotager.org\/index.php\/wp-json\/wp\/v2\/posts\/1557\/revisions\/2295"}],"wp:featuredmedia":[{"embeddable":true,"href":"https:\/\/lechouettepotager.org\/index.php\/wp-json\/wp\/v2\/media\/1617"}],"wp:attachment":[{"href":"https:\/\/lechouettepotager.org\/index.php\/wp-json\/wp\/v2\/media?parent=1557"}],"wp:term":[{"taxonomy":"category","embeddable":true,"href":"https:\/\/lechouettepotager.org\/index.php\/wp-json\/wp\/v2\/categories?post=1557"},{"taxonomy":"post_tag","embeddable":true,"href":"https:\/\/lechouettepotager.org\/index.php\/wp-json\/wp\/v2\/tags?post=1557"}],"curies":[{"name":"wp","href":"https:\/\/api.w.org\/{rel}","templated":true}]}}