{"id":2554,"date":"2022-05-10T11:39:16","date_gmt":"2022-05-10T09:39:16","guid":{"rendered":"https:\/\/lechouettepotager.org\/?p=2554"},"modified":"2022-05-10T12:05:34","modified_gmt":"2022-05-10T10:05:34","slug":"les-voyages-de-pino-et-divento-reporterres-des-jardins-et-vergers-de-la-chouette-3","status":"publish","type":"post","link":"https:\/\/lechouettepotager.org\/index.php\/2022\/05\/10\/les-voyages-de-pino-et-divento-reporterres-des-jardins-et-vergers-de-la-chouette-3\/","title":{"rendered":"Les voyages de Pino et Divento  reporTerres des jardins et vergers de la chouette"},"content":{"rendered":"\n<h2><span style=\"color: #000000;\">Episode 3&nbsp;: Les aventures de Pino et Divento.<\/span><\/h2>\n<h2><span style=\"color: #000000;\">Le go\u00fbt de la R\u00e9publique.<\/span><\/h2>\n<p style=\"text-align: justify;\"><span style=\"color: #000000;\">&nbsp; &nbsp; &nbsp; &nbsp; &nbsp;&nbsp;Les 16, 17 et 18 Mars derniers Pino et Divento sont all\u00e9s, dans le cadre de leurs aven\u00adtures, recueil\u00adlir les avis et ques\u00adtions qui allaient bon train autour des choix cul\u00adtur\u00adaux de l\u2019ann\u00e9e. Concombre, poireau, courge ou navet, la foule pr\u00e9sente ces jours place de la R\u00e9publique pour le VILLAGE GOUT NUTRITION SANTE, se posait bien la ques\u00adtion de ce qu\u2019il fal\u00adlait choisir, de ce qui allait sor\u00adtir des urnes de la terre et pouss\u00ader au mieux pour nos san\u00adt\u00e9 et bien-\u200b\u00eatre \u00e0&nbsp;venir.<\/span><\/p>\n<p style=\"text-align: justify;\"><span style=\"color: #000000;\">&nbsp; &nbsp; &nbsp; &nbsp;<\/span><\/p>\n<p>&nbsp; &nbsp; &nbsp; &nbsp; &nbsp; <span style=\"color: #000000;\">Les JARDINS et VERGERS de la CHOUETTE \u00e9taient digne\u00adment repr\u00e9sen\u00adt\u00e9s notam\u00adment par la pr\u00e9si\u00addente Josette MITTIFIOT et les mem\u00adbres du bureau qui ne m\u00e9nageaient ni leur temps ni leur peine pour ren\u00adseign\u00ader, argu\u00admenter mon\u00adtr\u00ader et expli\u00adquer ce que repr\u00e9sente la cul\u00adture d\u2019un jardin potager et fruitier.<\/span><\/p>\n<p>&nbsp; &nbsp; &nbsp; &nbsp; &nbsp; <span style=\"color: #000000;\">Beaucoup de dis\u00adcus\u00adsions tour\u00adnaient autour des choix de var\u00adi\u00e9t\u00e9s, la fa\u00e7on de les entretenir, de les pro\u00adt\u00e9ger des p\u00e9rils du change\u00adment cli\u00adma\u00adtique ain\u00adsi que du tra\u00advail que cela repr\u00e9sente.<\/span><\/p>\n<p style=\"text-align: justify;\"><span style=\"color: #000000;\">&nbsp;<\/span>&nbsp; &nbsp; &nbsp;<\/p>\n\n\n\n<h6 style=\"text-align: center;\"><span style=\"color: #000000;\">pour visualiser la galerie, cliquez sur la photo et faites d\u00e9filer<\/span><\/h6>\n\n\n<style type=\"text\/css\">\n\t#foogallery-gallery-2670 .fg-image {\n        width: 640px;\n    }\n<\/style>\n\t\t\t\t<div class=\"foogallery foogallery-container foogallery-image-viewer foogallery-link-image foogallery-lightbox-foobox fg-center fg-image-viewer fg-light fg-border-thin fg-shadow-outline fg-loading-default fg-loaded-fade-in fg-caption-hover fg-hover-fade fg-hover-zoom fg-ready\" id=\"foogallery-gallery-2670\" data-foogallery=\"{&quot;item&quot;:{&quot;showCaptionTitle&quot;:true,&quot;showCaptionDescription&quot;:true},&quot;lazy&quot;:true,&quot;template&quot;:{&quot;loop&quot;:true}}\">\n\t<div class=\"fiv-inner\">\n\t\t<div class=\"fiv-inner-container\">\n\t\t\t<div class=\"fg-item fg-type-image fg-idle\"><figure class=\"fg-item-inner\"><a href=\"https:\/\/lechouettepotager.org\/wp-content\/uploads\/2022\/04\/DSC_0032-Copie.jpg\" data-caption-title=\"Nos Activit\u00e9s\" data-attachment-id=\"2582\" data-type=\"image\" class=\"fg-thumb\"><span class=\"fg-image-wrap\"><img decoding=\"async\" fetchpriority=\"high\" title=\"Nos Activit\u00e9s\" width=\"640\" height=\"360\" class=\"skip-lazy fg-image\" data-src-fg=\"https:\/\/lechouettepotager.org\/wp-content\/uploads\/2022\/04\/DSC_0032-Copie.jpg\" src=\"data:image\/svg+xml,%3Csvg%20xmlns%3D%22http%3A%2F%2Fwww.w3.org%2F2000%2Fsvg%22%20width%3D%22640%22%20height%3D%22360%22%20viewBox%3D%220%200%20640%20360%22%3E%3C%2Fsvg%3E\" loading=\"eager\"><\/span><span class=\"fg-image-overlay\"><\/span><\/a><figcaption class=\"fg-caption\"><div class=\"fg-caption-inner\"><div class=\"fg-caption-title\">Nos Activit\u00e9s<\/div><\/div><\/figcaption><\/figure><div class=\"fg-loader\"><\/div><\/div><div class=\"fg-item fg-type-image fg-idle\"><figure class=\"fg-item-inner\"><a href=\"https:\/\/lechouettepotager.org\/wp-content\/uploads\/2022\/04\/DSC_0035-Copie.jpg\" data-caption-title=\"Les chapiteaux &quot;NATURE&quot;\" data-attachment-id=\"2583\" data-type=\"image\" class=\"fg-thumb\"><span class=\"fg-image-wrap\"><img decoding=\"async\" title=\"Les chapiteaux &quot;NATURE&quot;\" width=\"640\" height=\"360\" class=\"skip-lazy fg-image\" data-src-fg=\"https:\/\/lechouettepotager.org\/wp-content\/uploads\/2022\/04\/DSC_0035-Copie.jpg\" src=\"data:image\/svg+xml,%3Csvg%20xmlns%3D%22http%3A%2F%2Fwww.w3.org%2F2000%2Fsvg%22%20width%3D%22640%22%20height%3D%22360%22%20viewBox%3D%220%200%20640%20360%22%3E%3C%2Fsvg%3E\" loading=\"eager\"><\/span><span class=\"fg-image-overlay\"><\/span><\/a><figcaption class=\"fg-caption\"><div class=\"fg-caption-inner\"><div class=\"fg-caption-title\">Les chapiteaux \u201cNATURE\u201d<\/div><\/div><\/figcaption><\/figure><div class=\"fg-loader\"><\/div><\/div><div class=\"fg-item fg-type-image fg-idle\"><figure class=\"fg-item-inner\"><a href=\"https:\/\/lechouettepotager.org\/wp-content\/uploads\/2022\/04\/DSC_0029-Copie.jpg\" data-caption-title=\"La pr\u00e9sidente\" data-attachment-id=\"2584\" data-type=\"image\" class=\"fg-thumb\"><span class=\"fg-image-wrap\"><img decoding=\"async\" title=\"La pr\u00e9sidente\" width=\"640\" height=\"360\" class=\"skip-lazy fg-image\" data-src-fg=\"https:\/\/lechouettepotager.org\/wp-content\/uploads\/2022\/04\/DSC_0029-Copie.jpg\" src=\"data:image\/svg+xml,%3Csvg%20xmlns%3D%22http%3A%2F%2Fwww.w3.org%2F2000%2Fsvg%22%20width%3D%22640%22%20height%3D%22360%22%20viewBox%3D%220%200%20640%20360%22%3E%3C%2Fsvg%3E\" loading=\"eager\"><\/span><span class=\"fg-image-overlay\"><\/span><\/a><figcaption class=\"fg-caption\"><div class=\"fg-caption-inner\"><div class=\"fg-caption-title\">La pr\u00e9si\u00addente<\/div><\/div><\/figcaption><\/figure><div class=\"fg-loader\"><\/div><\/div><div class=\"fg-item fg-type-image fg-idle\"><figure class=\"fg-item-inner\"><a href=\"https:\/\/lechouettepotager.org\/wp-content\/uploads\/2022\/04\/IMGP45341.jpg\" data-caption-title=\"Notre stand\" data-attachment-id=\"2616\" data-type=\"image\" class=\"fg-thumb\"><span class=\"fg-image-wrap\"><img decoding=\"async\" title=\"Notre stand\" width=\"640\" height=\"360\" class=\"skip-lazy fg-image\" data-src-fg=\"https:\/\/lechouettepotager.org\/wp-content\/uploads\/2022\/04\/IMGP45341.jpg\" src=\"data:image\/svg+xml,%3Csvg%20xmlns%3D%22http%3A%2F%2Fwww.w3.org%2F2000%2Fsvg%22%20width%3D%22640%22%20height%3D%22360%22%20viewBox%3D%220%200%20640%20360%22%3E%3C%2Fsvg%3E\" loading=\"eager\"><\/span><span class=\"fg-image-overlay\"><\/span><\/a><figcaption class=\"fg-caption\"><div class=\"fg-caption-inner\"><div class=\"fg-caption-title\">Notre stand<\/div><\/div><\/figcaption><\/figure><div class=\"fg-loader\"><\/div><\/div><div class=\"fg-item fg-type-image fg-idle\"><figure class=\"fg-item-inner\"><a href=\"https:\/\/lechouettepotager.org\/wp-content\/uploads\/2022\/04\/IMGP45301.jpg\" data-caption-title=\"notre stand\" data-attachment-id=\"2613\" data-type=\"image\" class=\"fg-thumb\"><span class=\"fg-image-wrap\"><img decoding=\"async\" title=\"notre stand\" width=\"640\" height=\"360\" class=\"skip-lazy fg-image\" data-src-fg=\"https:\/\/lechouettepotager.org\/wp-content\/uploads\/2022\/04\/IMGP45301.jpg\" src=\"data:image\/svg+xml,%3Csvg%20xmlns%3D%22http%3A%2F%2Fwww.w3.org%2F2000%2Fsvg%22%20width%3D%22640%22%20height%3D%22360%22%20viewBox%3D%220%200%20640%20360%22%3E%3C%2Fsvg%3E\" loading=\"eager\"><\/span><span class=\"fg-image-overlay\"><\/span><\/a><figcaption class=\"fg-caption\"><div class=\"fg-caption-inner\"><div class=\"fg-caption-title\">notre stand<\/div><\/div><\/figcaption><\/figure><div class=\"fg-loader\"><\/div><\/div><div class=\"fg-item fg-type-image fg-idle\"><figure class=\"fg-item-inner\"><a href=\"https:\/\/lechouettepotager.org\/wp-content\/uploads\/2022\/04\/IMGP45311.jpg\" data-caption-title=\"notre stand\" data-attachment-id=\"2614\" data-type=\"image\" class=\"fg-thumb\"><span class=\"fg-image-wrap\"><img decoding=\"async\" title=\"notre stand\" width=\"640\" height=\"360\" class=\"skip-lazy fg-image\" data-src-fg=\"https:\/\/lechouettepotager.org\/wp-content\/uploads\/2022\/04\/IMGP45311.jpg\" src=\"data:image\/svg+xml,%3Csvg%20xmlns%3D%22http%3A%2F%2Fwww.w3.org%2F2000%2Fsvg%22%20width%3D%22640%22%20height%3D%22360%22%20viewBox%3D%220%200%20640%20360%22%3E%3C%2Fsvg%3E\" loading=\"eager\"><\/span><span class=\"fg-image-overlay\"><\/span><\/a><figcaption class=\"fg-caption\"><div class=\"fg-caption-inner\"><div class=\"fg-caption-title\">notre stand<\/div><\/div><\/figcaption><\/figure><div class=\"fg-loader\"><\/div><\/div><div class=\"fg-item fg-type-image fg-idle\"><figure class=\"fg-item-inner\"><a href=\"https:\/\/lechouettepotager.org\/wp-content\/uploads\/2022\/04\/IMGP45321.jpg\" data-caption-title=\"notre stand\" data-attachment-id=\"2615\" data-type=\"image\" class=\"fg-thumb\"><span class=\"fg-image-wrap\"><img decoding=\"async\" title=\"notre stand\" width=\"640\" height=\"360\" class=\"skip-lazy fg-image\" data-src-fg=\"https:\/\/lechouettepotager.org\/wp-content\/uploads\/2022\/04\/IMGP45321.jpg\" src=\"data:image\/svg+xml,%3Csvg%20xmlns%3D%22http%3A%2F%2Fwww.w3.org%2F2000%2Fsvg%22%20width%3D%22640%22%20height%3D%22360%22%20viewBox%3D%220%200%20640%20360%22%3E%3C%2Fsvg%3E\" loading=\"eager\"><\/span><span class=\"fg-image-overlay\"><\/span><\/a><figcaption class=\"fg-caption\"><div class=\"fg-caption-inner\"><div class=\"fg-caption-title\">notre stand<\/div><\/div><\/figcaption><\/figure><div class=\"fg-loader\"><\/div><\/div><div class=\"fg-item fg-type-image fg-idle\"><figure class=\"fg-item-inner\"><a href=\"https:\/\/lechouettepotager.org\/wp-content\/uploads\/2022\/04\/DSC_0034.jpg\" data-caption-title=\"Des petites Graines\" data-attachment-id=\"2609\" data-type=\"image\" class=\"fg-thumb\"><span class=\"fg-image-wrap\"><img decoding=\"async\" title=\"Des petites Graines\" width=\"640\" height=\"360\" class=\"skip-lazy fg-image\" data-src-fg=\"https:\/\/lechouettepotager.org\/wp-content\/uploads\/2022\/04\/DSC_0034.jpg\" src=\"data:image\/svg+xml,%3Csvg%20xmlns%3D%22http%3A%2F%2Fwww.w3.org%2F2000%2Fsvg%22%20width%3D%22640%22%20height%3D%22360%22%20viewBox%3D%220%200%20640%20360%22%3E%3C%2Fsvg%3E\" loading=\"eager\"><\/span><span class=\"fg-image-overlay\"><\/span><\/a><figcaption class=\"fg-caption\"><div class=\"fg-caption-inner\"><div class=\"fg-caption-title\">Des petites Graines<\/div><\/div><\/figcaption><\/figure><div class=\"fg-loader\"><\/div><\/div><div class=\"fg-item fg-type-image fg-idle\"><figure class=\"fg-item-inner\"><a href=\"https:\/\/lechouettepotager.org\/wp-content\/uploads\/2022\/04\/IMGP4535.jpg\" data-caption-title=\"quelques produits\" data-attachment-id=\"2611\" data-type=\"image\" class=\"fg-thumb\"><span class=\"fg-image-wrap\"><img decoding=\"async\" title=\"quelques produits\" width=\"640\" height=\"360\" class=\"skip-lazy fg-image\" data-src-fg=\"https:\/\/lechouettepotager.org\/wp-content\/uploads\/2022\/04\/IMGP4535.jpg\" src=\"data:image\/svg+xml,%3Csvg%20xmlns%3D%22http%3A%2F%2Fwww.w3.org%2F2000%2Fsvg%22%20width%3D%22640%22%20height%3D%22360%22%20viewBox%3D%220%200%20640%20360%22%3E%3C%2Fsvg%3E\" loading=\"eager\"><\/span><span class=\"fg-image-overlay\"><\/span><\/a><figcaption class=\"fg-caption\"><div class=\"fg-caption-inner\"><div class=\"fg-caption-title\">quelques pro\u00adduits<\/div><\/div><\/figcaption><\/figure><div class=\"fg-loader\"><\/div><\/div>\t\t<\/div>\n\t\t<div class=\"fiv-ctrls\">\n\t\t\t<div class=\"fiv-prev\"><span>Pr\u00e9c<\/span><\/div>\n\t\t\t<label class=\"fiv-count\"><span class=\"fiv-count-current\">1<\/span>de<span class=\"fiv-count-total\">9<\/span><\/label>\n\t\t\t<div class=\"fiv-next\"><span>Suiv.<\/span><\/div>\n\t\t<\/div>\n\t<\/div>\n<\/div>\n\n\n<div style=\"height:37px\" aria-hidden=\"true\" class=\"wp-block-spacer\"><\/div>\n\n\n\n<p style=\"text-align: justify;\"><span style=\"color: #000000;\">&nbsp; &nbsp; &nbsp; &nbsp;<\/span><\/p>\n<p style=\"text-align: justify;\"><span style=\"color: #000000;\">&nbsp; &nbsp; &nbsp; &nbsp; &nbsp; La prox\u00adim\u00adit\u00e9 de notre stand avec celui du CAMPUS COMESTIBLE de l\u2019UNIVERSITE de BOURGOGNE cr\u00e9ait alors un v\u00e9ri\u00adta\u00adble p\u00f4le d\u2019information sur la cul\u00adture potag\u00e8re en lien avec les pr\u00e9oc\u00adcu\u00adpa\u00adtions ali\u00admen\u00adtaires et cli\u00adma\u00adtiques. Il y avait alliance des r\u00e9pons\u00ades entre l\u2019aspect sci\u00aden\u00adtifique et celui du quo\u00adti\u00addi\u00aden laborieux qu\u2019appelle la cul\u00adture vivri\u00e8re pour les amateurs.<\/span><\/p>\n<p style=\"text-align: justify;\"><span style=\"color: #000000;\">&nbsp; &nbsp; &nbsp; Car certes aimer les l\u00e9gumes, fruits et aro\u00admates est un socle solide, une base n\u00e9ces\u00adsaire, mais beau\u00adcoup de gens ne se ren\u00addent pas compte du tra\u00advail et du temps qu\u2019il faut con\u00adsacr\u00ader \u00e0 la bonne sor\u00adtie de ce que nous semons et plan\u00adtons. Obtenir une bonne r\u00e9colte est une affaire de choix mais aus\u00adsi de patience sur le moyen et le long terme par\u00adfois car la nature a des caprices que la rai\u00adson ne con\u00adnait&nbsp;pas.<\/span><\/p>\n\n\n\n\n<div style=\"padding: 55.56% 0 0 0; position: relative;\"><iframe style=\"position: absolute; top: 0; left: 0; width: 100%; height: 100%;\" src=\"https:\/\/player.vimeo.com\/video\/707833569?h=fdb6b0a923&amp;title=0&amp;byline=0&amp;portrait=0\" frameborder=\"0\" allowfullscreen=\"allowfullscreen\"><\/iframe><\/div>\n<p><script src=\"https:\/\/player.vimeo.com\/api\/player.js\"><\/script><\/p>\n\n\n<div class=\"wp-block-columns is-layout-flex wp-container-core-columns-is-layout-1 wp-block-columns-is-layout-flex\">\n<div class=\"wp-block-column is-layout-flow wp-block-column-is-layout-flow\" style=\"flex-basis:100%\">\n<p style=\"text-align: justify;\"><span style=\"color: #000000;\">&nbsp; &nbsp; &nbsp; &nbsp; &nbsp;<\/span><\/p>\n<p style=\"text-align: justify;\"><span style=\"color: #000000;\">&nbsp; &nbsp; &nbsp; &nbsp; &nbsp; De bien belles journ\u00e9es donc con\u00adsacr\u00e9es \u00e0 l\u2019avenir de nos choix, de nos go\u00fbts, de notre san\u00adt\u00e9 et de notre ali\u00admen\u00adta\u00adtion, aux\u00adquelles les JARDINS et VERGERS ont con\u00adtribu\u00e9 avec la force et la con\u00advic\u00adtion de l\u2019engagement associatif.<\/span><\/p>\n<p>&nbsp;<\/p>\n<p style=\"text-align: right;\"><span style=\"color: #000000;\">&nbsp; &nbsp; &nbsp; &nbsp; &nbsp; &nbsp; &nbsp;Pino et Divento&nbsp;<\/span><\/p>\n<\/div>\n<\/div>\n\n\n\n\n","protected":false},"excerpt":{"rendered":"<p>Episode 3&nbsp;: Les aven\u00adtures de Pino et Divento. Le go\u00fbt de la R\u00e9publique. &nbsp; &nbsp; &nbsp; &nbsp; &nbsp;&nbsp;Les 16, 17 et 18 Mars derniers Pino et Divento sont all\u00e9s, dans le cadre de leurs aven\u00adtures, recueil\u00adlir les avis et ques\u00adtions qui allaient bon train autour des choix cul\u00adtur\u00adaux de l\u2019ann\u00e9e. Concombre, poireau, courge ou navet,\u2026 <br> <a class=\"read-more\" href=\"https:\/\/lechouettepotager.org\/index.php\/2022\/05\/10\/les-voyages-de-pino-et-divento-reporterres-des-jardins-et-vergers-de-la-chouette-3\/\">Lire la&nbsp;suite<\/a><\/p>\n","protected":false},"author":1,"featured_media":2556,"comment_status":"closed","ping_status":"closed","sticky":false,"template":"","format":"standard","meta":{"_coblocks_attr":"","_coblocks_dimensions":"","_coblocks_responsive_height":"","_coblocks_accordion_ie_support":"","_uag_custom_page_level_css":"","wp_typography_post_enhancements_disabled":false,"ngg_post_thumbnail":0,"footnotes":""},"categories":[1,28,24],"tags":[],"featured_image_src":"https:\/\/lechouettepotager.org\/wp-content\/uploads\/2022\/04\/visuel-village-nutrition-dijon.jpg","featured_image_src_square":"https:\/\/lechouettepotager.org\/wp-content\/uploads\/2022\/04\/visuel-village-nutrition-dijon.jpg","author_info":{"display_name":"Webmaster","author_link":"https:\/\/lechouettepotager.org\/index.php\/author\/admin7426\/"},"uagb_featured_image_src":{"full":["https:\/\/lechouettepotager.org\/wp-content\/uploads\/2022\/04\/visuel-village-nutrition-dijon.jpg",700,982,false],"thumbnail":["https:\/\/lechouettepotager.org\/wp-content\/uploads\/2022\/04\/visuel-village-nutrition-dijon.jpg",107,150,false],"medium":["https:\/\/lechouettepotager.org\/wp-content\/uploads\/2022\/04\/visuel-village-nutrition-dijon.jpg",214,300,false],"medium_large":["https:\/\/lechouettepotager.org\/wp-content\/uploads\/2022\/04\/visuel-village-nutrition-dijon.jpg",700,982,false],"large":["https:\/\/lechouettepotager.org\/wp-content\/uploads\/2022\/04\/visuel-village-nutrition-dijon.jpg",700,982,false],"1536x1536":["https:\/\/lechouettepotager.org\/wp-content\/uploads\/2022\/04\/visuel-village-nutrition-dijon.jpg",700,982,false],"2048x2048":["https:\/\/lechouettepotager.org\/wp-content\/uploads\/2022\/04\/visuel-village-nutrition-dijon.jpg",700,982,false],"ab-block-post-grid-landscape":["https:\/\/lechouettepotager.org\/wp-content\/uploads\/2022\/04\/visuel-village-nutrition-dijon.jpg",285,400,false],"ab-block-post-grid-square":["https:\/\/lechouettepotager.org\/wp-content\/uploads\/2022\/04\/visuel-village-nutrition-dijon.jpg",428,600,false],"post-thumbnail":["https:\/\/lechouettepotager.org\/wp-content\/uploads\/2022\/04\/visuel-village-nutrition-dijon.jpg",700,982,false],"mesmerize-full-hd":["https:\/\/lechouettepotager.org\/wp-content\/uploads\/2022\/04\/visuel-village-nutrition-dijon.jpg",700,982,false]},"uagb_author_info":{"display_name":"Webmaster","author_link":"https:\/\/lechouettepotager.org\/index.php\/author\/admin7426\/"},"uagb_comment_info":0,"uagb_excerpt":"Episode 3&nbsp;: Les aventures de Pino et Divento. Le go\u00fbt de la R\u00e9publique. &nbsp; &nbsp; &nbsp; &nbsp; &nbsp;&nbsp;Les 16, 17 et 18 Mars derniers Pino et Divento sont all\u00e9s, dans le cadre de leurs aven\u00adtures, recueil\u00adlir les avis et ques\u00adtions qui allaient bon train autour des choix cul\u00adtur\u00adaux de l\u2019ann\u00e9e. Concombre, poireau, courge ou navet,&hellip;\u2026","_links":{"self":[{"href":"https:\/\/lechouettepotager.org\/index.php\/wp-json\/wp\/v2\/posts\/2554"}],"collection":[{"href":"https:\/\/lechouettepotager.org\/index.php\/wp-json\/wp\/v2\/posts"}],"about":[{"href":"https:\/\/lechouettepotager.org\/index.php\/wp-json\/wp\/v2\/types\/post"}],"author":[{"embeddable":true,"href":"https:\/\/lechouettepotager.org\/index.php\/wp-json\/wp\/v2\/users\/1"}],"replies":[{"embeddable":true,"href":"https:\/\/lechouettepotager.org\/index.php\/wp-json\/wp\/v2\/comments?post=2554"}],"version-history":[{"count":49,"href":"https:\/\/lechouettepotager.org\/index.php\/wp-json\/wp\/v2\/posts\/2554\/revisions"}],"predecessor-version":[{"id":2916,"href":"https:\/\/lechouettepotager.org\/index.php\/wp-json\/wp\/v2\/posts\/2554\/revisions\/2916"}],"wp:featuredmedia":[{"embeddable":true,"href":"https:\/\/lechouettepotager.org\/index.php\/wp-json\/wp\/v2\/media\/2556"}],"wp:attachment":[{"href":"https:\/\/lechouettepotager.org\/index.php\/wp-json\/wp\/v2\/media?parent=2554"}],"wp:term":[{"taxonomy":"category","embeddable":true,"href":"https:\/\/lechouettepotager.org\/index.php\/wp-json\/wp\/v2\/categories?post=2554"},{"taxonomy":"post_tag","embeddable":true,"href":"https:\/\/lechouettepotager.org\/index.php\/wp-json\/wp\/v2\/tags?post=2554"}],"curies":[{"name":"wp","href":"https:\/\/api.w.org\/{rel}","templated":true}]}}