{"id":3381,"date":"2022-10-09T16:51:02","date_gmt":"2022-10-09T14:51:02","guid":{"rendered":"https:\/\/lechouettepotager.org\/?p=3381"},"modified":"2023-03-23T14:28:59","modified_gmt":"2023-03-23T13:28:59","slug":"reglement-interieur","status":"publish","type":"post","link":"https:\/\/lechouettepotager.org\/index.php\/2022\/10\/09\/reglement-interieur\/","title":{"rendered":"R\u00e8glement Int\u00e9rieur"},"content":{"rendered":"\n\n\n<div class=\"wp-block-group\"><div class=\"wp-block-group__inner-container is-layout-flow wp-block-group-is-layout-flow\">\n<h6 class=\"wp-block-heading has-white-color has-text-color has-small-font-size\" id=\"haut\">haut de&nbsp;page<\/h6>\n<\/div><\/div>\n\n\n\n<h1 style=\"text-align: center;\"><span style=\"color: #000000;\"><strong>REGLEMENT<\/strong> <strong>INTERIEUR<\/strong><\/span><\/h1>\n<p><span style=\"color: #ff0000;\"><strong><span style=\"text-decoration: underline;\">Approuv\u00e9 par le Conseil d\u2019Administration du 7 OCTOBRE 2020<\/span><\/strong><\/span><\/p>\n\n\n\n<div class=\"wp-block-group coblocks-animate\" data-coblocks-animation=\"fadeIn\"><div class=\"wp-block-group__inner-container is-layout-flow wp-block-group-is-layout-flow\">\n<div class=\"wp-block-columns has-black-color has-white-background-color has-text-color has-background is-layout-flex wp-container-core-columns-is-layout-1 wp-block-columns-is-layout-flex\">\n<div class=\"wp-block-column is-layout-flow wp-block-column-is-layout-flow\" style=\"flex-basis:100%\">\n<hr class=\"wp-block-separator aligncenter has-alpha-channel-opacity\">\n<\/div>\n<\/div>\n<\/div><\/div>\n\n\n\n<p><strong><em><span style=\"color: #000000;\">Voir<\/span><\/em><em><span style=\"color: #000000;\"><strong> le<\/strong>&nbsp;<a href=\"#table\">Sommaire<\/a><\/span><\/em><\/strong><strong><em><span style=\"color: #000000;\"> ci-\u200bdessous et cliquez sur l\u2019ar\u00adti\u00adcle ou le para\u00adgraphe voulu ou d\u00e9roulez le R\u00e8glement Int\u00e9rieur \u00e0 votre rythme.&nbsp;<\/span><\/em><\/strong><\/p>\n<p><em><strong><span style=\"color: #000000;\">En <a href=\"#bas\">bas de doc\u00adu\u00adment<\/a>, 2 fichiers \u00e0 consulter.<\/span><\/strong><\/em><\/p>\n\n\n\n<h6 class=\"wp-block-heading has-white-color has-text-color has-custom-transform\" id=\"table\" style=\"text-transform:uppercase;font-size:61px\">Tablematieres<\/h6>\n\n\n\t\t\t\t<div class=\"wp-block-uagb-table-of-contents uagb-toc__align-left uagb-toc__columns-1  uagb-block-1f83a198     \" data-scroll=\"1\" data-offset=\"178\" style>\n\t\t\t\t<div class=\"uagb-toc__wrap\">\n\t\t\t\t\t\t<div class=\"uagb-toc__title\">\n\t\t\t\t\t\t\t<br><kbd><span style=\"text-decoration: underline\" class=\"underline\"><span style=\"color:#000000\" class=\"tadv-color\"><span class=\"uppercase\"><strong>Sommaire<\/strong><\/span><\/span><\/span><\/kbd>\t\t\t\t\t\t\t\t\t\t\t\t\t<svg viewBox=\"0 0 384 512\"><path d=\"M192 384c-8.188 0-16.38-3.125-22.62-9.375l-160-160c-12.5-12.5-12.5-32.75 0-45.25s32.75-12.5 45.25 0L192 306.8l137.4-137.4c12.5-12.5 32.75-12.5 45.25 0s12.5 32.75 0 45.25l-160 160C208.4 380.9 200.2 384 192 384z\" \/><\/svg>\n\t\t\t\t\t\t\t\t\t\t\t\t\t\t\t\t\t\t\t<\/div>\n\t\t\t\t\t\t\t\t\t\t\t\t\t\t\t\t<div class=\"uagb-toc__list-wrap\">\n\t\t\t\t\t\t<ol class=\"uagb-toc__list\"><li class=\"uagb-toc__list\"><a href=\"#pr\u00e9ambule\" class=\"uagb-toc-link__trigger\">Pr\u00e9ambule&nbsp;:<\/a><\/li><li class=\"uagb-toc__list\"><a href=\"#article-1-adh\u00e9sion\" class=\"uagb-toc-link__trigger\">Article 1 \u2014 Adh\u00e9sion<\/a><ul class=\"uagb-toc__list\"><li class=\"uagb-toc__list\"><a href=\"#11-demande-dattribution-et-dadh\u00e9sion\" class=\"uagb-toc-link__trigger\">1.1 \u2014 Demande d\u2019at\u00adtri\u00adbu\u00adtion et d\u2019adh\u00e9sion<\/a><\/li><li class=\"uagb-toc__list\"><\/li><li class=\"uagb-toc__list\"><a href=\"#12-adh\u00e9sion-g\u00e9n\u00e9ralit\u00e9s\" class=\"uagb-toc-link__trigger\">1.2 \u2014 Adh\u00e9sion g\u00e9n\u00e9ralit\u00e9s<\/a><\/li><li class=\"uagb-toc__list\"><\/li><li class=\"uagb-toc__list\"><a href=\"#13-attribution-\u00e9tat-des-lieux-et-d\u00e9p\u00f4t-de-garantie\" class=\"uagb-toc-link__trigger\">1.3 \u2014 Attribution, \u00e9tat des lieux et d\u00e9p\u00f4t de garantie<\/a><\/li><li class=\"uagb-toc__list\"><\/li><li class=\"uagb-toc__list\"><a href=\"#14-obligations-particuli\u00e8res\" class=\"uagb-toc-link__trigger\">1.4 \u2014 Obligations particuli\u00e8res<\/a><\/li><\/ul><\/li><li class=\"uagb-toc__list\"><a href=\"#article-2-fin-de-ladh\u00e9sion\" class=\"uagb-toc-link__trigger\">Article 2 \u2014 Fin de l\u2019adh\u00e9sion<\/a><ul class=\"uagb-toc__list\"><li class=\"uagb-toc__list\"><a href=\"#21-la-d\u00e9mission\" class=\"uagb-toc-link__trigger\">2.1 \u2014 La d\u00e9mission<\/a><\/li><li class=\"uagb-toc__list\"><\/li><li class=\"uagb-toc__list\"><a href=\"#22-le-d\u00e9c\u00e8s\" class=\"uagb-toc-link__trigger\">2.2 \u2014 le&nbsp;d\u00e9c\u00e8s<\/a><\/li><li class=\"uagb-toc__list\"><\/li><li class=\"uagb-toc__list\"><a href=\"#23-fin-de-la-p\u00e9riode-dessai\" class=\"uagb-toc-link__trigger\">2.3 \u2014 Fin de la p\u00e9ri\u00adode d\u2019essai<\/a><\/li><li class=\"uagb-toc__list\"><\/li><li class=\"uagb-toc__list\"><a href=\"#24-exclusion-prononc\u00e9e-par-le-conseil-dadministration\" class=\"uagb-toc-link__trigger\">2.4 \u2014 Exclusion pronon\u00adc\u00e9e par le Conseil d\u2019Administration<\/a><\/li><li class=\"uagb-toc__list\"><\/li><li class=\"uagb-toc__list\"><a href=\"#25-mesures-applicables\" class=\"uagb-toc-link__trigger\">2.5 \u2014 Mesures applicables<\/a><\/li><li class=\"uagb-toc__list\"><\/li><li class=\"uagb-toc__list\"><a href=\"#26-cas-particuliers\" class=\"uagb-toc-link__trigger\">2.6 \u2014 Cas particuliers<\/a><\/li><li class=\"uagb-toc__list\"><\/li><li class=\"uagb-toc__list\"><a href=\"#27-frais-de-proc\u00e9dure\" class=\"uagb-toc-link__trigger\">2.7 \u2014 Frais de proc\u00e9dure<\/a><\/li><\/ul><\/li><li class=\"uagb-toc__list\"><a href=\"#article-3-r\u00e8gles-de-jardinage\" class=\"uagb-toc-link__trigger\">Article 3 \u2014 R\u00e8gles de jardinage<\/a><ul class=\"uagb-toc__list\"><li class=\"uagb-toc__list\"><a href=\"#31-r\u00e8gles-g\u00e9n\u00e9rales\" class=\"uagb-toc-link__trigger\">3.1 \u2014 R\u00e8gles g\u00e9n\u00e9rales<\/a><\/li><li class=\"uagb-toc__list\"><\/li><li class=\"uagb-toc__list\"><a href=\"#32-entretien-des-parcelles\" class=\"uagb-toc-link__trigger\">3.2 \u2014 Entretien des parcelles<\/a><\/li><li class=\"uagb-toc__list\"><\/li><li class=\"uagb-toc__list\"><a href=\"#33-serres-et-abris-\u00e0-tomates\" class=\"uagb-toc-link__trigger\">3.3 \u2014 Serres et abris \u00e0 tomates<\/a><\/li><li class=\"uagb-toc__list\"><\/li><li class=\"uagb-toc__list\"><a href=\"#34-destruction-des-nuisibles\" class=\"uagb-toc-link__trigger\">3.4 \u2014 Destruction des nuisibles<\/a><\/li><li class=\"uagb-toc__list\"><\/li><li class=\"uagb-toc__list\"><a href=\"#35-exclusion-de-la-monoculture\" class=\"uagb-toc-link__trigger\">3.5 \u2014 Exclusion de la monoculture<\/a><\/li><li class=\"uagb-toc__list\"><\/li><li class=\"uagb-toc__list\"><a href=\"#36-arbre-et-arbuste\" class=\"uagb-toc-link__trigger\">3.6 \u2014 Arbre et arbuste<\/a><\/li><li class=\"uagb-toc__list\"><\/li><li class=\"uagb-toc__list\"><a href=\"#37-utilisation-de-leau\" class=\"uagb-toc-link__trigger\">3.7 \u2014 Utilisation de&nbsp;l\u2019eau<\/a><\/li><\/ul><\/li><li class=\"uagb-toc__list\"><a href=\"#article-4-entretien-collectif-dusite\" class=\"uagb-toc-link__trigger\">Article 4 \u2014 Entretien col\u00adlec\u00adtif du&nbsp;site<\/a><\/li><li class=\"uagb-toc__list\"><a href=\"#article-5-obligations-de-ladh\u00e9rent\" class=\"uagb-toc-link__trigger\">Article 5 \u2014 Obligations de l\u2019adh\u00e9rent<\/a><ul class=\"uagb-toc__list\"><li class=\"uagb-toc__list\"><a href=\"#51-comportement-fautif\" class=\"uagb-toc-link__trigger\">5.1 \u2014 Comportement fautif<\/a><\/li><li class=\"uagb-toc__list\"><\/li><li class=\"uagb-toc__list\"><a href=\"#52-activit\u00e9s-prohib\u00e9es\" class=\"uagb-toc-link__trigger\">5.2 \u2014 Activit\u00e9s prohib\u00e9es<\/a><\/li><li class=\"uagb-toc__list\"><\/li><li class=\"uagb-toc__list\"><a href=\"#53-accidents-vols-et-assurance\" class=\"uagb-toc-link__trigger\">5.3 \u2014 Accidents, vols et assurance<\/a><\/li><li class=\"uagb-toc__list\"><\/li><li class=\"uagb-toc__list\"><a href=\"#54-obligations-particuli\u00e8res\" class=\"uagb-toc-link__trigger\">5.4 \u2014 Obligations particuli\u00e8res<\/a><\/li><\/ul><\/li><li class=\"uagb-toc__list\"><a href=\"#article-6-fonctionnement-du-site\" class=\"uagb-toc-link__trigger\">Article 6 \u2014 Fonctionnement du&nbsp;site<\/a><ul class=\"uagb-toc__list\"><li class=\"uagb-toc__list\"><a href=\"#61-le-r\u00e9f\u00e9rent\" class=\"uagb-toc-link__trigger\">6.1 \u2014 le R\u00e9f\u00e9rent<\/a><\/li><li class=\"uagb-toc__list\"><\/li><li class=\"uagb-toc__list\"><a href=\"#62-r\u00f4le-du-r\u00e9f\u00e8rent-du-site\" class=\"uagb-toc-link__trigger\">6.2 \u2014 R\u00f4le du R\u00e9f\u00e8rent du&nbsp;site<\/a><\/li><li class=\"uagb-toc__list\"><\/li><li class=\"uagb-toc__list\"><a href=\"#63-equipements-divers\" class=\"uagb-toc-link__trigger\">6.3 \u2014 Equipements divers<\/a><\/li><\/ul><\/li><li class=\"uagb-toc__list\"><a href=\"#article-7-le-co-jardinier\" class=\"uagb-toc-link__trigger\">Article 7 \u2014 Le Co-Jardinier<\/a><ul class=\"uagb-toc__list\"><li class=\"uagb-toc__list\"><a href=\"#71-de-la-situation-du-co-jardinier\" class=\"uagb-toc-link__trigger\">7.1 \u2014 De la sit\u00adu\u00ada\u00adtion du Co-jardinier<\/a><\/li><li class=\"uagb-toc__list\"><\/li><li class=\"uagb-toc__list\"><a href=\"#72-obligations-du-co-jardinier\" class=\"uagb-toc-link__trigger\">7.2 \u2014&nbsp; Obligations du Co-jardinier<\/a><\/li><\/ul><\/li><li class=\"uagb-toc__list\"><a href=\"#article-8-la-commission-de-contr\u00f4le-composition-et-r\u00f4le-de-la-commission\" class=\"uagb-toc-link__trigger\">Article 8 \u2014 La Commission de Contr\u00f4le&nbsp;: Composition et r\u00f4le de la commission<\/a><\/li><li class=\"uagb-toc__list\"><a href=\"#toc_69dd08be8be88\" class=\"uagb-toc-link__trigger\">&nbsp;<\/a><\/li><li class=\"uagb-toc__list\"><a href=\"#annexe-le-co-jardinage-et-le-co-jardinier\" class=\"uagb-toc-link__trigger\">Annexe&nbsp;: LE CO-\u200bJARDINAGE ET LE CO-JARDINIER<\/a><\/li><li class=\"uagb-toc__list\"><a href=\"#toc_69dd08be8be98\" class=\"uagb-toc-link__trigger\">&nbsp;<\/a><\/li><li class=\"uagb-toc__list\"><a href=\"#nota\" class=\"uagb-toc-link__trigger\">NOTA&nbsp;:<\/a><\/li><li class=\"uagb-toc__list\"><a href=\"#toc_69dd08be8bea3\" class=\"uagb-toc-link__trigger\">&nbsp;<\/a><\/li><li class=\"uagb-toc__list\"><a href=\"#imprimer-le-r\u00e8glement-int\u00e9rieur\" class=\"uagb-toc-link__trigger\">Imprimer le R\u00e8glement Int\u00e9rieur<\/a><ul class=\"uagb-toc__list\"><li class=\"uagb-toc__list\"><a href=\"#visualiser-lacharte-jardinage-et-environnement-site-officiel-des-jardins-familiaux\" class=\"uagb-toc-link__trigger\">Visualiser la&nbsp;Charte Jardinage et Environnement (site offi\u00adciel des jardins familiaux)<\/a><\/li><\/ul><\/li><\/ol>\t\t\t\t\t<\/div>\n\t\t\t\t\t\t\t\t\t<\/div>\n\t\t\t\t<\/div>\n\t\t\t\n\n\n<p><span style=\"color: #ffffff;\">Pr\u00e9ambule&nbsp;:<\/span><\/p>\n<h3><strong>Pr\u00e9ambule&nbsp;:<\/strong><\/h3>\n<p style=\"text-align: justify;\"><span style=\"color: #000000;\">Les sites des jardins sont con\u00adc\u00e9d\u00e9s par la munic\u00adi\u00adpal\u00adit\u00e9 de Dijon et par la F\u00e9d\u00e9ration nationale des Jardins Familiaux et Collectifs qui en sont les pro\u00adpri\u00e9\u00adtaires, pour une dur\u00e9e ind\u00e9ter\u00admin\u00e9e et par sig\u00adna\u00adture d\u2019une con\u00adven\u00adtion entre ces derni\u00e8res et l\u2019association.<\/span><\/p>\n<p style=\"text-align: justify;\"><span style=\"color: #000000;\">En cas de reprise du ter\u00adrain par les pro\u00adpri\u00e9\u00adtaires, la jouis\u00adsance de la par\u00adcelle sera retir\u00e9e de plein droit et sans d\u00e9lais, apr\u00e8s noti\u00adfi\u00adca\u00adtion par let\u00adtre avec AR, \u00e0 n\u2019im\u00adporte quel moment de l\u2019an\u00adn\u00e9e cul\u00adtur\u00adale. L\u2019association ne pour\u00adra en aucun cas \u00eatre pour\u00adsuiv\u00adie en dom\u00admage et int\u00e9r\u00eats pour les pertes de r\u00e9colte ou pour tout autre&nbsp;motif.<\/span><\/p>\n<p style=\"text-align: right;\"><em><strong><span style=\"color: #000000;\">retour au<\/span><\/strong>&nbsp;<a href=\"#table\">som\u00admaire<\/a><\/em><\/p>\n\n\n\n<h3><strong><span style=\"text-decoration: underline;\">Article 1 \u2014 Adh\u00e9sion<\/span><\/strong><\/h3>\n<h4><strong>1.1 \u2014 Demande d\u2019attribution et d\u2019adh\u00e9sion<\/strong><\/h4>\n<p style=\"text-align: justify;\"><span style=\"color: #000000;\">Le deman\u00addeur d\u2019un jardin doit adress\u00ader une demande \u00e9crite \u00e0 l\u2019as\u00adso\u00adci\u00ada\u00adtion, demande accom\u00adpa\u00adg\u00adn\u00e9e d\u2019une somme d\u00e9ter\u00admin\u00e9e annuelle\u00adment,&nbsp;pour frais de dossier et d\u2019in\u00adscrip\u00adtion. Cette somme est non rem\u00adboursable en cas de non-attribution.<\/span><\/p>\n<p style=\"text-align: justify;\"><span style=\"color: #000000;\">Les jardins disponibles sont attribu\u00e9s par d\u00e9ci\u00adsion du Conseil d\u2019Administration de l\u2019association.<\/span><\/p>\n<p style=\"text-align: right;\"><em><strong><span style=\"color: #000000;\">retour au<\/span><\/strong>&nbsp;<a href=\"#table\">som\u00admaire<\/a><\/em><\/p>\n\n\n\n<h4><strong>1.2 \u2014 Adh\u00e9sion g\u00e9n\u00e9ralit\u00e9s<\/strong><\/h4>\n<p><span style=\"color: #000000;\"><strong>&nbsp; &nbsp; &nbsp; &nbsp; &nbsp; 1.21 \u2014 Dur\u00e9e et p\u00e9ri\u00adode d\u2019essai<\/strong><\/span><\/p>\n<p style=\"text-align: justify;\"><span style=\"color: #000000;\">Chaque adh\u00e9rent doit pay\u00ader la coti\u00adsa\u00adtion annuelle. Le deman\u00addeur devient ain\u00adsi adh\u00e9rent tit\u00adu\u00adlaire pour une&nbsp;dur\u00e9e&nbsp;:<\/span><\/p>\n<p style=\"text-align: justify;\"><strong><span style=\"color: #000000;\">Commen\u00e7ant le 11 novem\u00adbre pour se ter\u00admin\u00ader au 10 novem\u00adbre de l\u2019an\u00adn\u00e9e suiv\u00adante, p\u00e9ri\u00adode d\u00e9nom\u00adm\u00e9e ann\u00e9e culturale.<\/span><\/strong><\/p>\n<p style=\"text-align: justify;\"><span style=\"color: #000000;\">Dans tous les cas, la coti\u00adsa\u00adtion, qui n\u2019a pas le car\u00adac\u00adt\u00e8re d\u2019un loy\u00ader, reste acquise \u00e0 l\u2019as\u00adso\u00adci\u00ada\u00adtion. Pour tout nou\u00adv\u00adel adh\u00e9rent, <strong>la p\u00e9ri\u00adode<\/strong><strong> d\u2019es\u00adsai est de deux saisons cul\u00adtur\u00adales. <\/strong>Au cours de cette p\u00e9ri\u00adode d\u2019es\u00adsai il peut \u00eatre mis fin \u00e0 l\u2019adh\u00e9sion sans motif par l\u2019ad\u00adh\u00e9rent ou l\u2019association.<\/span><\/p>\n<p><span style=\"color: #000000;\">Par la suite l\u2019adh\u00e9sion est renou\u00advel\u00e9e par tacite reconduction.<\/span><\/p>\n<p style=\"text-align: right;\"><em><strong><span style=\"color: #000000;\">retour au<\/span><\/strong>&nbsp;<a href=\"#table\">som\u00admaire<\/a><\/em><\/p>\n\n\n\n<p><span style=\"color: #000000;\"><strong>&nbsp; &nbsp; &nbsp; &nbsp; &nbsp; 1.22 \u2014 La cotisation<\/strong><\/span><\/p>\n<p><span style=\"color: #000000;\"><strong>La coti\u00adsa\u00adtion<\/strong> <strong>com\u00adprend<\/strong><strong> l<\/strong><strong>\u2019ad\u00adh\u00e9\u00adsion<\/strong> \u00e0 l\u2019as\u00adso\u00adci\u00ada\u00adtion et \u00e0 la F\u00e9d\u00e9ration Nationale (FNJFC), le co\u00fbt de fonc\u00adtion\u00adnement, notam\u00adment la con\u00adsom\u00adma\u00adtion d\u2019eaux, frais financiers et frais divers.<\/span><\/p>\n<p style=\"text-align: justify;\"><span style=\"color: #000000;\">La coti\u00adsa\u00adtion est payable au d\u00e9but de l\u2019an\u00adn\u00e9e cul\u00adtur\u00adale, d\u00e9finie \u00e0 l\u2019article 1.21, soit le 11 novem\u00adbre. Elle devient exi\u00adgi\u00adble au 31 d\u00e9cem\u00adbre de l\u2019an\u00adn\u00e9e cul\u00adtur\u00adale en cours. Pass\u00e9 ce d\u00e9lai, l\u2019ad\u00adh\u00e9rent con\u00adserve sa qual\u00adit\u00e9 d\u2019ad\u00adh\u00e9rent tit\u00adu\u00adlaire s\u2019il r\u00e8gle sa coti\u00adsa\u00adtion avant le 31 jan\u00advi\u00ader de l\u2019an\u00adn\u00e9e cul\u00adtur\u00adale en cours&nbsp;; moyen\u00adnant une p\u00e9nal\u00adit\u00e9 \u00e9gale \u00e0 20&nbsp;% (vingt pour cent) de la total\u00adit\u00e9 de l\u2019ap\u00adpel de cotisation.<\/span><\/p>\n<p><span style=\"color: #000000;\">Pass\u00e9 la date du 31 jan\u00advi\u00ader, le mem\u00adbre est con\u00adsid\u00ad\u00e9r\u00e9 comme d\u00e9missionnaire.<\/span><\/p>\n<p><span style=\"color: #000000;\">Ainsi il sera exclu de l\u2019association pour le non-\u200bpaiement de la coti\u00adsa\u00adtion qui con\u00adstitue une faute&nbsp;grave.<\/span><\/p>\n<p style=\"text-align: justify;\"><span style=\"color: #000000;\"><strong>La coti\u00adsa\u00adtion<\/strong><strong> est d\u00e9ter\u00admin\u00e9e annuelle\u00adment par le Conseil d\u2019Administration. <\/strong>Cette coti\u00adsa\u00adtion est due pour chaque ann\u00e9e cul\u00adtur\u00adale com\u00admenc\u00e9e, elle est non rem\u00adboursable m\u00eame en cas de ces\u00adsa\u00adtion de l\u2019adh\u00e9sion en cours d\u2019ann\u00e9e.<\/span><\/p>\n<p style=\"text-align: justify;\"><span style=\"color: #000000;\">L\u2019association fourni\u00adra un jus\u00adti\u00adfi\u00adcatif de ce r\u00e8gle\u00adment pour la p\u00e9ri\u00adode concern\u00e9e.<\/span><\/p>\n<p style=\"text-align: right;\"><em><strong><span style=\"color: #000000;\">retour au<\/span><\/strong>&nbsp;<a href=\"#table\">som\u00admaire<\/a><\/em><\/p>\n\n\n\n<h4><strong>1.3 \u2014 Attribution, \u00e9tat des lieux et d\u00e9p\u00f4t de garantie<\/strong><\/h4>\n<p style=\"text-align: justify;\"><span style=\"color: #000000;\">L\u2019adh\u00e9sion est stricte\u00adment per\u00adson\u00adnelle et elle ne peut en aucun cas \u00eatre transmise.<\/span><\/p>\n<p style=\"text-align: justify;\"><span style=\"color: #000000;\">Le jardin attribu\u00e9 est des\u00adtin\u00e9 prin\u00adci\u00adpale\u00adment \u00e0 la cul\u00adture potag\u00e8re. L\u2019adh\u00e9rent tit\u00adu\u00adlaire n\u2019a qu\u2019un droit d\u2019usage tem\u00adpo\u00adraire sur la par\u00adcelle attribu\u00e9e, \u00e0 l\u2019ex\u00adclu\u00adsion de tout droit de pro\u00adpri\u00e9t\u00e9. Lors de l\u2019attribution de la par\u00adcelle, il est proc\u00e9d\u00e9 \u00e0 un \u00e9tat des lieux con\u00adtra\u00addic\u00adtoire ain\u00adsi qu\u2019au verse\u00adment d\u2019un d\u00e9p\u00f4t de garantie d\u00e9ter\u00admin\u00e9 chaque ann\u00e9e cul\u00adtur\u00adale par le Conseil d\u2019Administration de l\u2019as\u00adso\u00adci\u00ada\u00adtion. Le nou\u00adveau d\u00e9p\u00f4t de garantie ne s\u2019ap\u00adplique que pour les nou\u00adveaux adh\u00e9rents. Les anciens adh\u00e9rents con\u00adser\u00advent le d\u00e9p\u00f4t de garantie qu\u2019ils ont ver\u00ads\u00e9 lors de leur adh\u00e9\u00adsion, sauf dans le cas o\u00f9 un change\u00adment de site ou de par\u00adcelle a lieu, ce qui entraine un nou\u00adveau con\u00adtrat d\u2019attribution.<\/span><\/p>\n<p style=\"text-align: right;\"><em><strong><span style=\"color: #000000;\">retour au<\/span><\/strong>&nbsp;<a href=\"#table\">som\u00admaire<\/a><\/em><\/p>\n\n\n\n<h4><strong>1.4 \u2014 Obligations particuli\u00e8res<\/strong><\/h4>\n<p><strong><span style=\"color: #000000;\">&nbsp; &nbsp; &nbsp; &nbsp; &nbsp; 1.41 \u2014 intu\u00aditu per\u00adson\u00adae et inter\u00addic\u00adtion de trans\u00adfert de l\u2019ad\u00adh\u00e9\u00adsion et de la parcelle<\/span><\/strong><\/p>\n<p><span style=\"color: #000000;\">L\u2019adh\u00e9sion est attach\u00e9e \u00e0 la per\u00adson\u00adne adh\u00e9rente \u00e0 l\u2019association.<\/span><\/p>\n<p style=\"text-align: justify;\"><span style=\"color: #000000;\">L\u2019adh\u00e9rent tit\u00adu\u00adlaire ne peut ni con\u00adc\u00e9der, ni louer, ni r\u00e9troc\u00e9der, ni pr\u00eater son adh\u00e9\u00adsion et sa par\u00adcelle \u00e0 un tiers. Cela serait alors con\u00adsti\u00adtu\u00adtif d\u2019une faute grave jus\u00adti\u00adfi\u00adant une exclu\u00adsion imm\u00e9diate.<\/span><\/p>\n<p><span style=\"color: #000000;\">L\u2019adh\u00e9rent doit cul\u00adtiv\u00ader per\u00adson\u00adnelle\u00adment sa parcelle.<\/span><\/p>\n<p style=\"text-align: justify;\"><span style=\"color: #000000;\">Seul les mem\u00adbres de la famille proche de l\u2019ad\u00adh\u00e9rent peu\u00advent par\u00adticiper au jar\u00addi\u00adnage \u00e0 savoir&nbsp;: les enfants ou les p\u00e8re et m\u00e8re et le parte\u00adnaire de cou\u00adple et ce en pr\u00e9sence con\u00adstante de l\u2019adh\u00e9rent&nbsp;;<\/span><\/p>\n<p style=\"text-align: justify;\"><span style=\"color: #000000;\">Le non-\u200brespect de ce car\u00adac\u00adt\u00e8re intu\u00aditu per\u00adson\u00adae est con\u00adsti\u00adtu\u00adtif d\u2019une faute grave pou\u00advant jus\u00adti\u00adfi\u00ader l\u2019exclusion.<\/span><\/p>\n<p style=\"text-align: right;\"><em><strong><span style=\"color: #000000;\">retour au<\/span><\/strong>&nbsp;<a href=\"#table\">som\u00admaire<\/a><\/em><\/p>\n\n\n\n<p><strong><span style=\"color: #000000;\">&nbsp; &nbsp; &nbsp; &nbsp; &nbsp; 1.42 \u2014 Absence<\/span><\/strong><\/p>\n<p style=\"text-align: justify;\"><span style=\"color: #000000;\">Tout jar\u00addinier emp\u00each\u00e9 momen\u00adtan\u00e9\u00adment de cul\u00adtiv\u00ader (mal\u00adadie, acci\u00addent, etc.) doit pr\u00e9venir les respon\u00ads\u00adables de l\u2019as\u00adso\u00adci\u00ada\u00adtion par \u00e9crit en indi\u00adquant si une per\u00adson\u00adne, non mem\u00adbre de l\u2019as\u00adso\u00adci\u00ada\u00adtion, va s\u2019oc\u00adcu\u00adper de son jardin. Dans ce cas, il don\u00adnera le nom et le t\u00e9l\u00e9\u00adphone de celle-\u200bci qui devra \u00eatre agr\u00e9\u00e9e par l\u2019as\u00adso\u00adci\u00ada\u00adtion. Cette carence con\u00adstitue une faute&nbsp;grave.<\/span><\/p>\n<p style=\"text-align: right;\"><em><strong><span style=\"color: #000000;\">retour au<\/span><\/strong>&nbsp;<a href=\"#table\">som\u00admaire<\/a><\/em><\/p>\n\n\n\n<p><strong><span style=\"color: #000000;\">&nbsp; &nbsp; &nbsp; &nbsp; &nbsp; 1.43 \u2014 C<\/span><span style=\"color: #000000;\">oor\u00addon\u00adn\u00e9es de l\u2019adh\u00e9rent<\/span><\/strong><\/p>\n<p style=\"text-align: justify;\"><span style=\"color: #000000;\">Tout change\u00adment de domi\u00adcile, de num\u00e9ro de t\u00e9l\u00e9\u00adphone ou d\u2019adresse cour\u00adriel doit \u00eatre sig\u00adnal\u00e9 aux respon\u00ads\u00adables de l\u2019association. Cet oubli con\u00adstitue une faute&nbsp;grave.<\/span><\/p>\n<p style=\"text-align: right;\"><em><strong><span style=\"color: #000000;\">retour au<\/span><\/strong>&nbsp;<a href=\"#table\">som\u00admaire<\/a><\/em><\/p>\n\n\n\n<h3><strong><u>Article 2 \u2014 Fin de l\u2019adh\u00e9sion<\/u><\/strong><\/h3>\n<p style=\"text-align: justify;\"><span style=\"color: #000000;\">La perte de la qual\u00adit\u00e9 d\u2019ad\u00adh\u00e9rent tit\u00adu\u00adlaire se perd selon les cas ci-\u200bdessous. Dans tous les cas, l\u2019ex-adh\u00e9rent perd imm\u00e9\u00addi\u00adate\u00adment le droit d\u2019usage du jardin.<\/span><\/p>\n<p style=\"text-align: justify;\"><span style=\"color: #000000;\">Dans tous les cas un \u00e9tat des lieux de sor\u00adtie sera r\u00e9al\u00adis\u00e9 et l\u2019adh\u00e9rent par\u00adtant sera con\u00advo\u00adqu\u00e9 par email ou cour\u00adri\u00ader au moins 15 jours \u00e0 l\u2019avance.<\/span><\/p>\n<p style=\"text-align: right;\"><em><strong><span style=\"color: #000000;\">retour au<\/span><\/strong>&nbsp;<a href=\"#table\">som\u00admaire<\/a><\/em><\/p>\n\n\n\n<h4><strong>2.1 \u2014 La d\u00e9mission<\/strong><\/h4>\n<p style=\"text-align: justify;\"><span style=\"color: #000000;\">Tout adh\u00e9rent qui ne souhaite pas renou\u00advel\u00ader son adh\u00e9\u00adsion doit en aver\u00adtir l\u2019association par \u00e9crit par let\u00adtre recom\u00admand\u00e9e AR pr\u00e9sen\u00adt\u00e9e 2 mois avant de lib\u00e9r\u00ader les lieux ou avant la fin de l\u2019an\u00adn\u00e9e culturale.<\/span><\/p>\n<p style=\"text-align: right;\"><em><strong><span style=\"color: #000000;\">retour au<\/span><\/strong>&nbsp;<a href=\"#table\">som\u00admaire<\/a><\/em><\/p>\n\n\n\n<h4><strong>2.2 -<\/strong><span style=\"color: #000000;\"><strong> le <\/strong><\/span><strong>d\u00e9c\u00e8s<\/strong><\/h4>\n<p style=\"text-align: justify;\"><span style=\"color: #000000;\">L\u2019adh\u00e9sion n\u2019est pas trans\u00admis\u00adsi\u00adble elle s\u2019ar\u00adr\u00eate avec le d\u00e9c\u00e8s de l\u2019adh\u00e9rent.<\/span><\/p>\n<p style=\"text-align: justify;\"><span style=\"color: #000000;\">Selon le cas, l\u2019association pour\u00adra pro\u00adduire \u00e0 la suc\u00adces\u00adsion afin de r\u00e9cup\u00e9r\u00ader le mon\u00adtant des frais engag\u00e9s pour la remise en \u00e9tat de la par\u00adcelle et le net\u00adtoy\u00adage de l\u2019abri.<\/span><\/p>\n<p style=\"text-align: right;\"><em><strong><span style=\"color: #000000;\">retour au<\/span><\/strong>&nbsp;<a href=\"#table\">som\u00admaire<\/a><\/em><\/p>\n\n\n\n<h4><strong>2.3 \u2014 Fin de la p\u00e9riode d\u2019essai<\/strong><\/h4>\n<p style=\"text-align: justify;\"><span style=\"color: #000000;\">\u00c0 tout moment, l\u2019association peut met\u00adtre fin \u00e0 la p\u00e9ri\u00adode d\u2019es\u00adsai selon l\u2019al\u00adin\u00e9a 1.2. sans avoir \u00e0 motiv\u00ader sa d\u00e9ci\u00adsion. L\u2019ex-\u200badh\u00e9rent en sera aver\u00adti au plus tard avant la fin de l\u2019an\u00adn\u00e9e cul\u00adtur\u00adale par email ou courrier.<\/span><\/p>\n<p style=\"text-align: right;\"><em><strong><span style=\"color: #000000;\">retour au<\/span><\/strong>&nbsp;<a href=\"#table\">som\u00admaire<\/a><\/em><\/p>\n\n\n\n<h4><strong>2.4 \u2014 Exclusion prononc\u00e9e par le Conseil d\u2019Administration<\/strong><\/h4>\n<p><span style=\"color: #000000;\">L\u2019exclusion du mem\u00adbre act\u00adif jar\u00addinier est pronon\u00adc\u00e9e par le Conseil d\u2019Administration pour les caus\u00ades suivantes&nbsp;:<\/span><\/p>\n<p><span style=\"color: #000000;\"><strong>&nbsp; &nbsp; &nbsp; &nbsp; &nbsp; 2.41 -<\/strong> Pour non-\u200brespect du R\u00e8glement Int\u00e9rieur,<\/span><\/p>\n<p><span style=\"color: #000000;\"><strong>&nbsp; &nbsp; &nbsp; &nbsp; &nbsp; 2.42 -<\/strong> Pour motif grave jug\u00e9 tel par le Conseil d\u2019Administration,<\/span><\/p>\n<p><span style=\"color: #000000;\"><strong>&nbsp; &nbsp; &nbsp; &nbsp; &nbsp; 2.43 -<\/strong> Pour man\u00adque\u00adment aux valeurs et aux buts de l\u2019association.<\/span><\/p>\n<p><span style=\"color: #000000;\">En cas d\u2019ex\u00adclu\u00adsion envis\u00adag\u00e9e par le Conseil d\u2019Administration, la proc\u00e9\u00addure suiv\u00adante sera respect\u00e9e&nbsp;:<\/span><\/p>\n<p style=\"text-align: justify;\"><span style=\"color: #000000;\">1- Envoi d\u2019une let\u00adtre recom\u00admand\u00e9e avec Accus\u00e9 de R\u00e9ception invi\u00adtant le mem\u00adbre \u00e0 fournir ses obser\u00adva\u00adtions et le con\u00advo\u00adquant pour la prochaine s\u00e9ance du C.A. qui doit \u00eatre tenue dans un d\u00e9lai sup\u00e9rieur \u00e0 quinze jours.<\/span><\/p>\n<p style=\"text-align: justify;\"><span style=\"color: #000000;\">2- Le Conseil d\u2019Administration re\u00e7oit et entend le mem\u00adbre qui ensuite ne par\u00adticipe pas au d\u00e9bat pr\u00e9al\u00adable au&nbsp;vote.<\/span><\/p>\n<p><span style=\"color: #000000;\">3- Le Conseil d\u2019Administration vote \u00e0 huis clos hors de la pr\u00e9sence de l\u2019adh\u00e9rent.<\/span><\/p>\n<p><span style=\"color: #000000;\">4- La d\u00e9ci\u00adsion devient irr\u00e9vo\u00adca\u00adble si elle obtient la majorit\u00e9 sim\u00adple des repr\u00e9sen\u00adtants du C.A.<\/span><\/p>\n<p style=\"text-align: justify;\"><span style=\"color: #000000;\">5- Si la d\u00e9ci\u00adsion d\u2019ex\u00adclu\u00adsion est pronon\u00adc\u00e9e, elle est trans\u00admise par let\u00adtre recom\u00admand\u00e9e avec Accus\u00e9 de R\u00e9ception \u00e0 l\u2019adh\u00e9rent.<\/span><\/p>\n<p style=\"text-align: right;\"><em><strong><span style=\"color: #000000;\">retour au<\/span><\/strong>&nbsp;<a href=\"#table\">som\u00admaire<\/a><\/em><\/p>\n\n\n\n<h4><span style=\"color: #000000;\"><strong>2.5 \u2014 Mesures applicables&nbsp;<\/strong><\/span><\/h4>\n<p><span style=\"color: #000000;\"><strong>&nbsp; &nbsp; &nbsp; &nbsp; &nbsp; 2.51 \u2014 Fin d\u2019adh\u00e9sion<\/strong><\/span><\/p>\n<p style=\"text-align: left;\"><span style=\"color: #000000;\">En fin d\u2019ad\u00adh\u00e9\u00adsion pour quelque rai\u00adson que ce soit, il est proc\u00e9d\u00e9 \u00e0 un \u00e9tat des lieux con\u00adtra\u00addic\u00adtoire \u00e0 la sor\u00adtie qui est vis\u00e9 par les deux par\u00adties. Selon les con\u00adsta\u00adtions effec\u00adtu\u00e9es, le d\u00e9p\u00f4t de garantie peut \u00eatre con\u00adserv\u00e9 par l\u2019association en tout ou partie.<\/span><\/p>\n<p style=\"text-align: right;\"><em><strong><span style=\"color: #000000;\">retour au<\/span><\/strong>&nbsp;<a href=\"#table\">som\u00admaire<\/a><\/em><\/p>\n\n\n\n<p style=\"text-align: justify;\"><strong><span style=\"color: #000000;\">&nbsp; &nbsp; &nbsp; &nbsp; &nbsp; 2.52 \u2014 Restitution de la parcelle<\/span><\/strong><\/p>\n<p style=\"text-align: justify;\"><span style=\"color: #000000;\">Le jardin doit \u00eatre ren\u00addu pro\u00adpre, d\u00e9com\u00adpact\u00e9 et d\u00e9bar\u00adrass\u00e9 de tous d\u00e9chets. L\u2019abri sera enti\u00e8re\u00adment vid\u00e9. Toute instal\u00adla\u00adtion par\u00adti\u00adc\u00aduli\u00e8re non autoris\u00e9e sera d\u00e9mon\u00adt\u00e9e. L\u2019eau con\u00adsom\u00adm\u00e9e sera fac\u00adtur\u00e9e. Dans le cas con\u00adtraire les travaux n\u00e9ces\u00adsaires seront effec\u00adtu\u00e9s aux frais de l\u2019ex-adh\u00e9rent, \u00e0 titre de dom\u00admages et int\u00e9r\u00eats.<\/span><\/p>\n<p style=\"text-align: right;\"><em><strong><span style=\"color: #000000;\">retour au<\/span><\/strong>&nbsp;<a href=\"#table\">som\u00admaire<\/a><\/em><\/p>\n\n\n\n<p><span style=\"color: #000000;\"><strong>&nbsp; &nbsp; &nbsp; &nbsp; &nbsp; 2.53 \u2014 Droit de&nbsp;suite<\/strong><\/span><\/p>\n<p style=\"text-align: justify;\"><span style=\"color: #000000;\">L\u2019ex-\u200badh\u00e9rent ne peut exercer un droit de suite aupr\u00e8s du suc\u00adcesseur (par exem\u00adple vente des arbres et des arbustes). Dans le cas con\u00adtraire, une p\u00e9nal\u00adit\u00e9 du dou\u00adble du prix de vente sera exig\u00e9e \u00e0 l\u2019ex-adh\u00e9rent&nbsp;; somme qui sera partag\u00e9e pour moiti\u00e9 entre le nou\u00adv\u00adel adh\u00e9rent pour le rem\u00adbours\u00ader et l\u2019association pour cou\u00advrir ses pro\u00adpres&nbsp;frais.<\/span><\/p>\n<p style=\"text-align: right;\"><em><strong><span style=\"color: #000000;\">retour au<\/span><\/strong>&nbsp;<a href=\"#table\">som\u00admaire<\/a><\/em><\/p>\n\n\n\n<h4><strong>2.6 \u2014 Cas particuliers<\/strong><\/h4>\n<p><span style=\"color: #000000;\"><strong>&nbsp; &nbsp; &nbsp; &nbsp; &nbsp; 2.61 \u2014 Occupation sans&nbsp;titre<\/strong><\/span><\/p>\n<p style=\"text-align: justify;\"><span style=\"color: #000000;\">En cas d\u2019oc\u00adcu\u00adpa\u00adtion d\u2019une par\u00adcelle sans adh\u00e9\u00adsion \u00e0 l\u2019association sous cou\u00advert d\u2019un adh\u00e9rent ou apr\u00e8s l\u2019exclusion du mem\u00adbre, une p\u00e9nal\u00adit\u00e9 cor\u00adre\u00adspon\u00addant au mon\u00adtant de l\u2019adh\u00e9sion annuelle sera due pour chaque mois d\u2019occupation&nbsp;; nonob\u00adstant les frais de remise en \u00e9tat de la par\u00adcelle et d\u2019\u00e9\u00advac\u00adu\u00ada\u00adtion \u00e0 la d\u00e9ch\u00e8\u00adterie de tous les objets per\u00adson\u00adnels et des d\u00e9chets&nbsp;; qui seront \u00e0 la charge sol\u00adidaire\u00adment de l\u2019adh\u00e9rent impliqu\u00e9 et de l\u2019occupant sans&nbsp;titre.<\/span><\/p>\n\n\n\n<p><span style=\"color: #000000;\"><strong>&nbsp; &nbsp; &nbsp; &nbsp; &nbsp; 2.62 \u2014 Abandon de la parcelle<\/strong><\/span><\/p>\n<p style=\"text-align: justify;\"><span style=\"color: #000000;\">En cas d\u2019a\u00adban\u00addon de la par\u00adcelle sans l\u2019\u00e9tab\u00adlisse\u00adment de l\u2019\u00e9\u00adtat des lieux et apr\u00e8s mise en demeure infructueuse, l\u2019association remet\u00adtra en \u00e9tat la par\u00adcelle, et \u00e9vac\u00aduera \u00e0 la d\u00e9chet\u00adterie tous les objets per\u00adson\u00adnels et les d\u00e9chets au frais de l\u2019ex-\u200bmembre sans pr\u00e9ju\u00addice de tous dom\u00admages et int\u00e9r\u00eats pou\u00advant \u00eatre exig\u00e9 (perte d\u2019adh\u00e9sion\u2026)<\/span><\/p>\n<p style=\"text-align: right;\"><em><strong><span style=\"color: #000000;\">retour au<\/span><\/strong>&nbsp;<a href=\"#table\">som\u00admaire<\/a><\/em><\/p>\n\n\n\n<h4><strong>2.7 \u2014 Frais de proc\u00e9dure<\/strong><\/h4>\n<p style=\"text-align: justify;\"><span style=\"color: #000000;\">Pour toute ouver\u00adture de dossier \u00e0 l\u2019en\u00adcon\u00adtre d\u2019un mem\u00adbre en vue d\u2019une action aupr\u00e8s du Conseil d\u2019Administration et\/\u200bou du tri\u00adbunal, les frais seront \u00e0 la charge exclu\u00adsive de l\u2019adh\u00e9rent impliqu\u00e9<\/span><span style=\"color: #000000;\">.<\/span><\/p>\n<p style=\"text-align: right;\"><em><strong><span style=\"color: #000000;\">retour au<\/span><\/strong>&nbsp;<a href=\"#table\">som\u00admaire<\/a><\/em><\/p>\n\n\n\n<h3 style=\"text-align: justify;\"><strong><span style=\"color: #000000;\"><u>Article 3 \u2014 R\u00e8gles de jardinage<\/u><\/span><\/strong><\/h3>\n<h4 style=\"text-align: justify;\"><strong><span style=\"color: #000000;\">3.1 \u2014 R\u00e8gles g\u00e9n\u00e9rales<\/span><\/strong><\/h4>\n<p style=\"text-align: justify;\"><span style=\"color: #000000;\">L\u2019usage des pro\u00adduits d\u00e9sherbants chim\u00adiques (phy\u00adtosan\u00adi\u00adtaire) est stricte\u00adment inter\u00addit dans les jardins, <strong>leur<\/strong> <strong>util\u00adi\u00adsa\u00adtion<\/strong> <strong>con\u00adstitue une<\/strong> <strong>faute<\/strong> <strong>grave<\/strong><strong>.<\/strong><\/span><\/p>\n<p style=\"text-align: justify;\"><span style=\"color: #000000;\">Les jardins doivent \u00eatre cul\u00adtiv\u00e9s de fa\u00e7on bio raison\u00adn\u00e9e. Il est rap\u00adpel\u00e9 et con\u00adseil\u00adl\u00e9 aux per\u00adson\u00adnes de v\u00e9ri\u00adfi\u00ader leur vac\u00adci\u00adna\u00adtion antit\u00e9\u00adtanique sans que la respon\u00ads\u00adabil\u00adit\u00e9 de l\u2019association puisse \u00eatre recher\u00adch\u00e9e \u00e0 ce sujet. Les jardins sont des\u00adtin\u00e9s oblig\u00ada\u00adtoire\u00adment \u00e0 la cul\u00adture potag\u00e8re pour les trois quarts de leur sur\u00adface au min\u00adi\u00admum. Le quart du jardin peut \u00eatre utilise libre\u00adment sous r\u00e9serve de respecter les r\u00e8gles du r\u00e8gle\u00adment int\u00e9rieur. En aucun cas, le jardin doit servir \u00e0 entre\u00adpos\u00ader des objets \u00e0 court ou long terme sans rela\u00adtion avec le jardin.<\/span><\/p>\n<p style=\"text-align: right;\"><em><strong><span style=\"color: #000000;\">retour au<\/span><\/strong>&nbsp;<a href=\"#table\">som\u00admaire<\/a><\/em><\/p>\n\n\n\n<h4><strong><span style=\"color: #000000;\">3.2 \u2014 Entretien des parcelles<\/span><\/strong><\/h4>\n<p style=\"text-align: justify;\"><span style=\"color: #000000;\">Pendant la p\u00e9ri\u00adode de v\u00e9g\u00e9\u00adta\u00adtion, les jardins doivent \u00eatre tenus pro\u00adpre et en bon \u00e9tat de cul\u00adture ils fer\u00adont l\u2019ob\u00adjet d\u2019une sur\u00adveil\u00adlance r\u00e9guli\u00e8re pou\u00advant don\u00adner lieu \u00e0 aver\u00adtisse\u00adment en cas de non-\u200bentretien, ou con\u00adstituer une faute grave jus\u00adti\u00adfica\u00adtive d\u2019une proc\u00e9\u00addure d\u2019ex\u00adpul\u00adsion. La plan\u00adta\u00adtion des l\u00e9gumes et des fleurs se fera \u00e0 l\u2019in\u00adt\u00e9rieur des lim\u00adites de la par\u00adcelle. A not\u00ader que l\u2019en\u00adtre\u00adtien des all\u00e9es ext\u00e9rieures \u00e0 la par\u00adcelle est \u00e0 charge par moiti\u00e9 des jar\u00addiniers concern\u00e9s.<\/span><\/p>\n<p style=\"text-align: right;\"><em><strong><span style=\"color: #000000;\">retour au<\/span><\/strong>&nbsp;<a href=\"#table\">som\u00admaire<\/a><\/em><\/p>\n\n\n\n<h4><strong><span style=\"color: #000000;\">3.3 \u2014 Serres et abris \u00e0 tomates<\/span><\/strong><\/h4>\n<p style=\"text-align: justify;\">&nbsp;<span style=\"color: #000000;\">L\u2019implantation sur une par\u00adcelle de jardin d\u2019une serre ou abri \u00e0 tomate mobile et facile\u00adment d\u00e9montable, non scel\u00adl\u00e9e au sol, est autoris\u00e9e sous les con\u00addi\u00adtions suivantes&nbsp;:<\/span><\/p>\n<ul>\n<li style=\"text-align: justify;\"><span style=\"color: #000000;\">la sur\u00adface au sol ne pour\u00adra exc\u00e9der plus du quart de la sur\u00adface de la parcelle<\/span><\/li>\n<li style=\"text-align: justify;\"><span style=\"color: #000000;\">les mat\u00e9ri\u00adaux seront exclu\u00adsive\u00adment en struc\u00adture bois ou m\u00e9tal avec une cou\u00adver\u00adture en b\u00e2che plas\u00adtic, arm\u00e9 ou non. Une autori\u00adsa\u00adtion pr\u00e9al\u00adable doit \u00eatre demand\u00e9e au bureau de l\u2019association.&nbsp; <\/span><\/li>\n<\/ul>\n<p style=\"text-align: right;\"><span style=\"color: #000000;\"><em><strong>retour au<\/strong>&nbsp;<a href=\"#table\">som\u00admaire<\/a><\/em><\/span><\/p>\n\n\n\n<h4><strong><span style=\"color: #000000;\">3.4 \u2014 Destruction des nuisibles<\/span><\/strong><\/h4>\n<p style=\"text-align: justify;\"><span style=\"color: #000000;\">La destruc\u00adtion des insectes et des plants doit s\u2019ef\u00adfectuer en fonc\u00adtion de la l\u00e9g\u00adis\u00adla\u00adtion en vigueur \u00e0 titre d\u2019ex\u00adem\u00adple les chardons, le chien\u00addent et plus g\u00e9n\u00e9rale\u00adment les adven\u00adtices inva\u00adsives doivent \u00eatre d\u00e9tru\u00adits et \u00e9radiqu\u00e9s. Il est stricte\u00adment inter\u00addit de br\u00fbler les v\u00e9g\u00e9\u00adtaux ind\u00e9sir\u00adables <strong>(d\u00e9lit p\u00e9nal), <\/strong>ceux-\u200bci doivent \u00eatre \u00e9lim\u00adin\u00e9s en d\u00e9chet\u00adterie, ou com\u00adpost\u00e9s apr\u00e8s s\u00e9chage.<\/span><\/p>\n<p style=\"text-align: right;\"><em><strong><span style=\"color: #000000;\">retour au<\/span><\/strong>&nbsp;<a href=\"#table\">som\u00admaire<\/a><\/em><\/p>\n\n\n\n<h4 style=\"text-align: left;\"><strong><span style=\"color: #000000;\">3.5 \u2014 Exclusion de la monoculture<\/span><\/strong><\/h4>\n<p style=\"text-align: left;\"><span style=\"color: #000000;\">Aucune cul\u00adture d\u2019une m\u00eame plante ne pour\u00adra occu\u00adper plus du quart de la sur\u00adface totale de la par\u00adcelle&nbsp;; il en est ain\u00adsi pour le&nbsp;gazon.<\/span><\/p>\n<p style=\"text-align: right;\"><em><strong><span style=\"color: #000000;\">retour au<\/span><\/strong>&nbsp;<a href=\"#table\">som\u00admaire<\/a><\/em><\/p>\n\n\n\n<h4><span style=\"color: #000000;\"><strong>3.6 \u2014 Arbre et arbuste<\/strong><\/span><\/h4>\n<p style=\"text-align: justify;\"><span style=\"color: #000000;\">Les arbustes \u00e0 petits fruits (cas\u00adsis, fram\u00adbois\u00ades, etc.) les arbres fruitiers en cor\u00addon ou en espaliers sont autoris\u00e9s en quan\u00adtit\u00e9 ne d\u00e9pas\u00adsant pas 1\/\u200b4 de la par\u00adcelle, et ne doivent pas d\u00e9bor\u00adder sur les all\u00e9es ou le voisi\u00adnage. Le ramas\u00adsage des feuilles et des fruits sur ces par\u00adties incombe au jar\u00addinier. Noyers, noisetiers et conif\u00e8res sont stricte\u00adment interdits.<\/span><\/p>\n<p style=\"text-align: right;\"><em><strong><span style=\"color: #000000;\">retour au<\/span><\/strong>&nbsp;<a href=\"#table\">som\u00admaire<\/a><\/em><\/p>\n\n\n\n<h4><strong>3.7 \u2014 Utilisation <\/strong><strong>de <\/strong><strong>l\u2019eau<\/strong><\/h4>\n<p style=\"text-align: justify;\"><span style=\"color: #000000;\">Pour chaque par\u00adcelle \u00e9quip\u00e9e d\u2019un comp\u00adteur indi\u00advidu\u00adel d\u2019eau, celui-\u200bci fera l\u2019ob\u00adjet d\u2019un relev\u00e9 de con\u00adsom\u00adma\u00adtion et d\u2019une fac\u00adtura\u00adtion bas\u00e9e sur le co\u00fbt du four\u00adnisseur, dont le mon\u00adtant sera port\u00e9 sur l\u2019ap\u00adpel de cotisation.<\/span><\/p>\n<p style=\"text-align: justify;\"><span style=\"color: #000000;\">La dif\u00adf\u00e9rence con\u00adstat\u00e9e entre le relev\u00e9 du comp\u00adteur g\u00e9n\u00e9ral et la somme des comp\u00adteurs indi\u00advidu\u00adels sera mutu\u00adal\u00adis\u00e9e entre tous les mem\u00adbres du&nbsp;site.<\/span><\/p>\n<p style=\"text-align: justify;\"><span style=\"color: #000000;\">L\u2019arrosage au tuyau n\u2019est autoris\u00e9 qu\u2019avec un tuyau muni d\u2019une douchette.<\/span><\/p>\n<p style=\"text-align: justify;\"><span style=\"color: #000000;\">En cas d\u2019u\u00adtil\u00adi\u00adsa\u00adtion restreinte exig\u00e9e par la Pr\u00e9fecture, les jar\u00addiniers se doivent de respecter la l\u00e9gislation.<\/span><\/p>\n<p style=\"text-align: right;\"><em><strong><span style=\"color: #000000;\">retour au<\/span><\/strong>&nbsp;<a href=\"#table\">som\u00admaire<\/a><\/em><\/p>\n\n\n\n<h3><span style=\"text-decoration: underline;\"><strong>Article 4 \u2014 Entretien collectif <\/strong><span style=\"color: #000000; text-decoration: underline;\"><strong>du<\/strong><\/span><strong>&nbsp;site<\/strong><\/span><\/h3>\n<p style=\"text-align: justify;\"><span style=\"color: #000000;\">Les sites de jardins sont le bien com\u00admun de tous les jar\u00addiniers et doivent \u00eatre oblig\u00ada\u00adtoire\u00adment entretenus par eux. Le Conseil d\u2019Administration&nbsp;<strong>d\u00e9l\u00e8gue aux R\u00e9f\u00e9rents des sites l\u2019organisation des s\u00e9ances de l\u2019en\u00adtre\u00adtien col\u00adlec\u00adtif pour r\u00e9alis\u00ader ces objectifs&nbsp;:<\/strong><\/span><\/p>\n<p style=\"text-align: justify;\"><span style=\"color: #000000;\">Une con\u00adtri\u00adbu\u00adtion de 4 heures d\u2019en\u00adtre\u00adtien annuel sera exig\u00e9e de cha\u00adcun des jar\u00addiniers pour la r\u00e9al\u00adi\u00adsa\u00adtion des tach\u00ades d\u2019am\u00e9\u00adnage\u00adment et d\u2019en\u00adtre\u00adtien du site. Des dates seront pro\u00adpos\u00e9es par le r\u00e9f\u00e8rent du site sous con\u00adtr\u00f4le du bureau de l\u2019association. Le jar\u00addinier devra indi\u00adquer au R\u00e9f\u00e8rent du site, la date de sa par\u00adtic\u00adi\u00adpa\u00adtion. Un jar\u00addinier emp\u00each\u00e9 peut se faire rem\u00adplac\u00ader par un voisin de jardin volontaire.<\/span><\/p>\n<p style=\"text-align: justify;\"><span style=\"color: #000000;\">En cas de non-\u200bparticipation \u00e0 l\u2019en\u00adtre\u00adtien du site, le jar\u00addinier d\u00e9fail\u00adlant se ver\u00adra fac\u00adtur\u00ader par l\u2019association 4 heures au taux horaire du SMIC. Cette somme s\u2019a\u00adjoutera \u00e0 sa coti\u00adsa\u00adtion annuelle.<\/span><\/p>\n<p style=\"text-align: justify;\"><span style=\"color: #000000;\">Si le jar\u00addinier ne par\u00adticipe pas \u00e0 ces tach\u00ades col\u00adlec\u00adtives une deux\u00adi\u00e8me ann\u00e9e, cela est con\u00adsti\u00adtu\u00adtif d\u2019une faute grave jus\u00adti\u00adfi\u00adant l\u2019exclusion.&nbsp;<\/span><\/p>\n<p style=\"text-align: right;\"><em><strong><span style=\"color: #000000;\">retour au<\/span><\/strong>&nbsp;<a href=\"#table\">som\u00admaire<\/a><\/em><\/p>\n\n\n\n<h3><span style=\"color: #000000;\"><strong><u>Article 5 \u2014 Obligations de l\u2019adh\u00e9rent<\/u><\/strong><\/span><\/h3>\n<p><span style=\"color: #000000;\">L\u2019adh\u00e9rent a l\u2019obligation de jouir de sa par\u00adcelle en \u00ab&nbsp;bon p\u00e8re de famille&nbsp;\u00bb.<\/span><\/p>\n<h4><span style=\"color: #000000;\"><strong>5.1 \u2014 Comportement fautif<\/strong><\/span><\/h4>\n<p style=\"text-align: justify;\"><span style=\"color: #000000;\">Seront con\u00adsid\u00ad\u00e9r\u00e9es comme faute grave les faits suiv\u00adants, sans que cette liste soit exhaustive&nbsp;:<\/span><\/p>\n<p style=\"text-align: justify;\"><span style=\"color: #000000;\">Vols, ivresse, vio\u00adlence physique ou ver\u00adbale \u00e0 l\u2019\u00e9\u00adgard d\u2019un jar\u00addinier ou d\u2019un respon\u00ads\u00adable, d\u00e9gra\u00adda\u00adtion des \u00e9quipements, pro\u00adpos racistes, refus du respect des r\u00e8gles, com\u00adporte\u00adment nuis\u00adi\u00adble \u00e0 l\u2019association et \u00e0 ses int\u00e9r\u00eats, et tout fait con\u00adsid\u00ad\u00e9r\u00ader comme tel par le Conseil d\u2019Administration.<\/span><\/p>\n<p style=\"text-align: justify;\"><span style=\"color: #000000;\">En cas de faute grave l\u2019exclusion est imm\u00e9diate.<\/span><\/p>\n<p style=\"text-align: right;\"><em><strong><span style=\"color: #000000;\">retour au<\/span><\/strong>&nbsp;<a href=\"#table\">som\u00admaire<\/a><\/em><\/p>\n\n\n\n<h4 style=\"text-align: justify;\"><span style=\"color: #000000;\"><strong>5.2<\/strong> <strong>-<\/strong> <strong>Activit\u00e9s<\/strong> <strong>prohib\u00e9es<\/strong><\/span><\/h4>\n<p style=\"text-align: justify;\"><span style=\"color: #000000;\">Il est stricte\u00adment inter\u00addit, sur les par\u00adcelles indi\u00advidu\u00adelles, sous peine de faute grave&nbsp;: de mod\u00adi\u00adfi\u00ader les \u00e9quipements, de ven\u00addre des pro\u00adduits r\u00e9colt\u00e9s, d\u2019in\u00adstaller des ruch\u00ades, d\u2019\u00e9lever des ani\u00admaux, d\u2019am\u00e9\u00adnag\u00ader des cabanes ou d\u2019autres abris indi\u00advidu\u00adels, de pos\u00ader des pan\u00adneaux pub\u00adlic\u00adi\u00adtaires, de ven\u00addre des bois\u00adsons, de pass\u00ader la nuit dans les jardins, de se livr\u00ader \u00e0 des activ\u00adit\u00e9s pou\u00advant g\u00ean\u00ader les voisins ou g\u00e9n\u00e9ra\u00adtri\u00adces de querelles, de faire des r\u00e9pa\u00adra\u00adtions ou des vidan\u00adges de v\u00e9hicules sur les aires de park\u00ading du&nbsp;site.<\/span><\/p>\n<p style=\"text-align: right;\"><em><strong><span style=\"color: #000000;\">retour au<\/span><\/strong>&nbsp;<a href=\"#table\">som\u00admaire<\/a><\/em><\/p>\n\n\n\n<h4><span style=\"color: #000000;\"><strong>5.3 \u2014 Accidents, vols et assurance<\/strong><\/span><\/h4>\n<p style=\"text-align: justify;\"><span style=\"color: #000000;\">En aucun cas l\u2019association ne pour\u00adra \u00eatre tenue respon\u00ads\u00adable des d\u00e9g\u00e2ts qui seraient com\u00admis par l\u2019un ou l\u2019autre des jar\u00addiniers, ni des inci\u00addents, acci\u00addents ou vols dont ils pour\u00adraient \u00eatre les vic\u00adtimes ou les auteurs. En cas d\u2019ac\u00adci\u00addent ou de vol, le jar\u00addinier doit, sans tarder, en informer les respon\u00ads\u00adables de l\u2019association.<\/span><\/p>\n<p style=\"text-align: justify;\"><span style=\"color: #000000;\">L\u2019association n\u2019as\u00adsure pas les biens meubles stock\u00ad\u00e9s ni les out\u00adils de jardinage.<\/span><\/p>\n<p style=\"text-align: justify;\"><span style=\"color: #000000;\">L\u2019adh\u00e9rent peut s\u2019as\u00adsur\u00ader personnellement.<\/span><\/p>\n<p style=\"text-align: right;\"><em><strong><span style=\"color: #000000;\">retour au<\/span><\/strong>&nbsp;<a href=\"#table\">som\u00admaire<\/a><\/em><\/p>\n\n\n\n<h4><span style=\"color: #000000;\"><strong>5.4 \u2014 Obligations particuli\u00e8res<\/strong><\/span><\/h4>\n<p style=\"text-align: justify;\"><span style=\"color: #000000;\">Le jar\u00addinier s\u2019at\u00adtachera \u00e0 respecter le calme et le repos de tous, et veiller tout par\u00adti\u00adc\u00aduli\u00e8re\u00adment \u00e0 la sur\u00adveil\u00adlance de ses enfants, qui doivent respecter les per\u00adson\u00adnes, les cul\u00adtures et le mat\u00e9riel.<\/span><\/p>\n<p style=\"text-align: justify;\"><span style=\"color: #000000;\">La diva\u00adga\u00adtion des chiens est inter\u00addite \u00e0 l\u2019in\u00adt\u00e9rieur des jardins famil\u00adi\u00adaux&nbsp;; cer\u00adtains doivent \u00eatre musel\u00e9s selon la loi en vigueur.<\/span><\/p>\n<p style=\"text-align: justify;\"><span style=\"color: #000000;\">Il est formelle\u00adment inter\u00addit d\u2019u\u00adtilis\u00ader les abris de jardin autrement que comme un entre\u00adp\u00f4t abri\u00adtant des out\u00adils de jar\u00addi\u00adnage, des plants et des mat\u00e9riels des\u00adtin\u00e9s \u00e0 la cul\u00adture. Le stock\u00adage de pro\u00adduits inflam\u00adma\u00adbles dans les abris est stricte\u00adment inter\u00addit. Il est inter\u00addit de fer\u00admer ou de cade\u00adnass\u00ader l\u2019en\u00adtr\u00e9e de la par\u00adcelle, afin de per\u00adme\u00adt\u00adtre l\u2019ac\u00adc\u00e8s \u00e0 tout moment aux dirigeants de l\u2019association y com\u00adpris le R\u00e9f\u00e8rent du&nbsp;site.<\/span><\/p>\n<p style=\"text-align: right;\"><em><strong><span style=\"color: #000000;\">retour au<\/span><\/strong>&nbsp;<a href=\"#table\">som\u00admaire<\/a><\/em><\/p>\n\n\n\n<h3><span style=\"text-decoration: underline;\"><span style=\"color: #000000;\"><strong>Article 6 \u2014 Fonctionnement <\/strong><\/span><span style=\"color: #000000;\"><strong>du <\/strong><\/span><span style=\"color: #000000;\"><strong>site<\/strong><\/span><\/span><\/h3>\n<h4><span style=\"color: #000000;\"><strong>6.1 \u2014 le<\/strong> <strong>R<\/strong><strong>\u00e9f\u00e9rent<\/strong><\/span><\/h4>\n<p style=\"text-align: justify;\"><span style=\"color: #000000;\">Les sites de jar\u00addi\u00adnage fonc\u00adtion\u00adnent sous le con\u00adtr\u00f4le et la sur\u00adveil\u00adlance d\u2019un R\u00e9f\u00e9rent. Sur tous les sites un ou plusieurs r\u00e9f\u00e9rents et\/\u200bou sup\u00adpl\u00e9ants, si n\u00e9ces\u00adsaire, sont agr\u00e9es par le Conseil d\u2019Administration. Si aucun jar\u00addinier ne veut assumer ce r\u00f4le n\u00e9ces\u00adsaire, le Conseil d\u2019Administration peut d\u00e9cider de sus\u00adpendre tous les appro\u00advi\u00adsion\u00adnements (eau com\u00adprise) et de pronon\u00adcer la fer\u00adme\u00adture tem\u00adpo\u00adraire du site dans l\u2019at\u00adtente des can\u00addi\u00adda\u00adtures. En aucun cas les adh\u00e9rents du site con\u00adcern\u00e9 ne pour\u00adront se retourn\u00ader con\u00adtre l\u2019association pour l\u2019ob\u00adten\u00adtion des dom\u00admages et int\u00e9r\u00eats r\u00e9sul\u00adtant de la fer\u00adme\u00adture du site ou de la non-\u200bfourniture d\u2019eau.<\/span><\/p>\n<p style=\"text-align: right;\"><em><strong><span style=\"color: #000000;\">retour au<\/span><\/strong>&nbsp;<a href=\"#table\">som\u00admaire<\/a><\/em><\/p>\n\n\n\n<h4><span style=\"color: #000000;\"><strong>6.2 \u2014 R\u00f4le du R\u00e9f\u00e8rent <\/strong><\/span><span style=\"color: #000000;\"><strong>du <\/strong><\/span><span style=\"color: #000000;\"><strong>site<\/strong><\/span><\/h4>\n<p><strong><span style=\"color: #000000;\">&nbsp; &nbsp; &nbsp; &nbsp; &nbsp; 6.21 \u2014 Pr\u00e9liminaire<\/span><\/strong><\/p>\n<p style=\"text-align: justify;\"><span style=\"color: #000000;\">Le R\u00e9f\u00e8rent du site est un jar\u00addinier b\u00e9n\u00e9v\u00adole adh\u00e9rent \u00e0 l\u2019association et agr\u00e9\u00e9 par le Conseil d\u2019Administration. II est l\u2019in\u00adter\u00adm\u00e9\u00addi\u00adaire priv\u00adil\u00e9gi\u00e9 entre les adh\u00e9rents du site et les respon\u00ads\u00adables de l\u2019association. II peut faire par\u00adtie du Conseil d\u2019Administration. Le R\u00e9f\u00e8rent a droit au respect de&nbsp;tous.<\/span><\/p>\n<p style=\"text-align: right;\"><em><strong><span style=\"color: #000000;\">retour au<\/span><\/strong>&nbsp;<a href=\"#table\">som\u00admaire<\/a><\/em><\/p>\n\n\n\n<p><span style=\"color: #000000;\"><strong>&nbsp; &nbsp; &nbsp; &nbsp; &nbsp; 6.22 \u2014 Fonction du r\u00e9f\u00e9rent<\/strong><\/span><\/p>\n<p style=\"text-align: justify;\"><span style=\"color: #000000;\">Il \u00e9tablit la liste des travaux col\u00adlec\u00adtifs de l\u2019an\u00adn\u00e9e pour son site. En cas d\u2019ab\u00adsence de travaux col\u00adlec\u00adtifs pour son site, ceux-\u200bci pour\u00adront \u00eatre effec\u00adtu\u00e9s par les adh\u00e9rents d\u2019un autre&nbsp;site.<\/span><\/p>\n<p style=\"text-align: justify;\"><span style=\"color: #000000;\">Il pro\u00adpose les investisse\u00adments pour l\u2019an\u00adn\u00e9e \u00e0 la com\u00admis\u00adsion ad\u00e9quate.<\/span><\/p>\n<p><span style=\"color: #000000;\">Il r\u00e9cep\u00adtionne les mat\u00e9riels et\/\u200bou mat\u00e9ri\u00adaux demand\u00e9s et organ\u00adise leurs mis\u00ades en&nbsp;\u0153uvre.<\/span><\/p>\n<p><span style=\"color: #000000;\">Il g\u00e8re la proc\u00e9\u00addure des entr\u00e9es et des d\u00e9parts des adh\u00e9rents.<\/span><\/p>\n<p><span style=\"color: #000000;\">Il organ\u00adise et con\u00adtr\u00f4le la mise en eau du site ain\u00adsi que sa mise en hivernage.<\/span><\/p>\n<p><span style=\"color: #000000;\">Il proc\u00e8de au relev\u00e9 des index des comp\u00adteurs&nbsp;d\u2019eau.<\/span><\/p>\n<p><strong><span style=\"color: #000000;\">Il est seule habil\u00adit\u00e9 \u00e0 faire repro\u00adduire les cl\u00e9s du site pour les adh\u00e9rents.<\/span><\/strong><\/p>\n<p style=\"text-align: right;\"><em><strong><span style=\"color: #000000;\">retour au<\/span><\/strong>&nbsp;<a href=\"#table\">som\u00admaire<\/a><\/em><\/p>\n\n\n\n<h4><span style=\"color: #000000;\"><strong>6.3 \u2014 Equipements<\/strong> <strong>divers<\/strong><\/span><\/h4>\n<p style=\"text-align: justify;\"><span style=\"color: #000000;\">Chaque ann\u00e9e, la mise en eau des sites r\u00e9al\u00adis\u00e9e le 15 avril au plus t\u00f4t et la coupure hiver\u00adnale sera effec\u00adtu\u00e9e le 15 octo\u00adbre au plus&nbsp;tard.<\/span><\/p>\n<p style=\"text-align: justify;\"><span style=\"color: #000000;\">Les co\u00fbts de la vidan\u00adge de la fos\u00adse sep\u00adtique et celui du d\u00e9sens\u00adable\u00adment des pom\u00adpes \u00e0 eau \u00e0 main, <strong>effec\u00adtu\u00e9s par une entre\u00adprise sp\u00e9\u00adcial\u00adis\u00e9e,&nbsp;<\/strong><strong>seront<\/strong> <strong>mutu\u00adal\u00adis\u00e9s<\/strong> <strong>entre<\/strong> <strong>tous les<\/strong> <strong>adh\u00e9rents<\/strong> <strong>du<\/strong> <strong>site.<\/strong><\/span><\/p>\n<p style=\"text-align: right;\"><em><strong><span style=\"color: #000000;\">retour au<\/span><\/strong>&nbsp;<a href=\"#table\">som\u00admaire<\/a><\/em><\/p>\n\n\n\n<h3><span style=\"color: #000000;\"><strong><span style=\"text-decoration: underline;\">Article 7 \u2014 Le Co-Jardinier<\/span><\/strong><\/span><\/h3>\n<h4><strong><span style=\"color: #000000;\">7.1 \u2014 De la situation du Co-jardinier<\/span><\/strong><\/h4>\n<p style=\"text-align: justify;\"><span style=\"color: #000000;\">Le Co-\u200bjardinage est une sit\u00adu\u00ada\u00adtion excep\u00adtion\u00adnelle, il est autoris\u00e9 sur les par\u00adcelles sup\u00e9rieures \u00e0 200 m\u00e8tres-carres.<\/span><\/p>\n<p style=\"text-align: justify;\"><span style=\"color: #000000;\">Le Co-\u200bjardinier est pr\u00e9sen\u00adt\u00e9 par le mem\u00adbre adh\u00e9rent tit\u00adu\u00adlaire de la par\u00adcelle. Son adh\u00e9\u00adsion en tant que Co-\u200bjardinier n\u00e9ces\u00adsite oblig\u00ada\u00adtoire\u00adment l\u2019ac\u00adcord du Conseil d\u2019Administration et le paiement des frais de dossier.<\/span><\/p>\n<p style=\"text-align: justify;\"><span style=\"color: #000000;\">La sit\u00adu\u00ada\u00adtion de Co-\u200bjardinier n\u2019est val\u00adable que pour l\u2019an\u00adn\u00e9e cul\u00adtur\u00adale en cours. Le Conseil d\u2019Administration qui n\u2019a pas \u00e0 jus\u00adti\u00adfi\u00ader sa d\u00e9ci\u00adsion, stat\u00adue chaque ann\u00e9e sur l\u2019oc\u00adtroi de la posi\u00adtion de Co-\u200bjardinier pour l\u2019an\u00adn\u00e9e cul\u00adtur\u00adale \u00e0 venir. En cas de non renou\u00advelle\u00adment de la posi\u00adtion de Co-\u200bjardinier, la d\u00e9ci\u00adsion est sig\u00adnifi\u00e9e au plus tard 15 jours avant la fin de l\u2019an\u00adn\u00e9e cul\u00adtur\u00adale, par let\u00adtre avec AR ou par email adress\u00e9 au Co-\u200bjardinier. Le Co-\u200bjardinier non-\u200brenouvel\u00e9 ne peut pr\u00e9\u00adten\u00addre \u00e0 aucun d\u00e9dom\u00admagem<\/span>ent ni indemnit\u00e9&nbsp;;<\/p>\n<p style=\"text-align: right;\"><em><strong><span style=\"color: #000000;\">retour au<\/span><\/strong>&nbsp;<a href=\"#table\">som\u00admaire<\/a><\/em><\/p>\n\n\n\n<h4><strong>7.2 \u2014&nbsp; Obligations du Co-jardinier<\/strong><\/h4>\n<p style=\"text-align: justify;\"><span style=\"color: #000000;\">Il devra s\u2019ac\u00adquit\u00adter d\u2019une coti\u00adsa\u00adtion annuelle r\u00e9visable.<\/span><\/p>\n<p style=\"text-align: justify;\"><span style=\"color: #000000;\">Le Co-\u200bjardinier s\u2019oblige, \u00e0 titre per\u00adson\u00adnel, \u00e0 respecter tous les ter\u00admes du r\u00e8gle\u00adment int\u00e9rieur. Le mem\u00adbre tit\u00adu\u00adlaire et les Co-\u200bjardiniers font leur affaire per\u00adson\u00adnelle de l\u2019utilisation de la par\u00adcelle en con\u00adfor\u00admit\u00e9 avec le r\u00e8gle\u00adment int\u00e9rieur.<\/span><\/p>\n<p style=\"text-align: right;\"><em><strong><span style=\"color: #000000;\">retour au<\/span><\/strong>&nbsp;<a href=\"#table\">som\u00admaire<\/a><\/em><\/p>\n\n\n\n<h3><strong><span style=\"color: #000000;\"><span style=\"text-decoration: underline;\">Article 8 \u2014 La Commission de Contr\u00f4le<\/span>&nbsp;: Composition et r\u00f4le de la commission<\/span><\/strong><\/h3>\n<p style=\"text-align: justify;\"><span style=\"color: #000000;\">La Commission de Contr\u00f4le est d\u00e9sign\u00e9e par le Conseil d\u2019Administration.<\/span><\/p>\n<p style=\"text-align: justify;\"><span style=\"color: #000000;\">Elle est con\u00adsti\u00adtu\u00e9e de deux per\u00adson\u00adnes habil\u00adit\u00e9es \u00e0 veiller au respect du R\u00e8glement int\u00e9rieur et des oblig\u00ada\u00adtions cul\u00adtur\u00adales par les adh\u00e9rents \u00e0 l\u2019association.<\/span><\/p>\n<p style=\"text-align: justify;\"><span style=\"color: #000000;\">Les R\u00e9f\u00e9rents ne font pas par\u00adtie de la Commission de Contr\u00f4le pour leur pro\u00adpre site et n\u2019ont aucun lien avec ladite Commission.<\/span><\/p>\n<p style=\"text-align: justify;\"><span style=\"color: #000000;\">La Commission de Contr\u00f4le fait des rap\u00adports pour chaque site au moins une fois par&nbsp;an.<\/span><\/p>\n<p><span style=\"color: #000000;\">Les rap\u00adports sont affich\u00e9s sur le&nbsp;site.<\/span><\/p>\n<p style=\"text-align: justify;\"><span style=\"color: #000000;\">Le Conseil d\u2019Administration et les mem\u00adbres du bureau peu\u00advent suite au rap\u00adport, con\u00advo\u00adquer les adh\u00e9rents pour expli\u00adca\u00adtion avant une \u00e9ventuelle sanction.<\/span><\/p>\n<p style=\"text-align: justify;\"><span style=\"color: #000000;\">Toute r\u00e9cla\u00adma\u00adtion suite au con\u00adtr\u00f4le de la Commission de Contr\u00f4le doit \u00eatre adress\u00e9e au bureau de l\u2019association.<\/span><\/p>\n<p style=\"text-align: right;\"><em><strong><span style=\"color: #000000;\">retour au<\/span><\/strong>&nbsp;<a href=\"#table\">som\u00admaire<\/a><\/em><\/p>\n\n\n\n<h3>&nbsp;<\/h3>\n\n\n\n<h3><strong><span style=\"text-decoration: underline; color: #000000;\">Annexe&nbsp;: LE CO-\u200bJARDINAGE ET LE CO-JARDINIER<\/span><\/strong><\/h3>\n<p><span style=\"color: #ff0000;\"><strong>Approuv\u00e9 par le Conseil d\u2019Administration du 31 juil\u00adlet&nbsp;2014.<\/strong><\/span><\/p>\n<p>&nbsp;<\/p>\n<p><span style=\"color: #000000;\"><strong>Le Co-\u200bjardinage<\/strong>&nbsp;: est une sit\u00adu\u00ada\u00adtion excep\u00adtion\u00adnelle de partage tem\u00adpo\u00adraire d\u2019une par\u00adcelle de jardin, elle est autoris\u00e9e par le Conseil d\u2019Administration si toutes les par\u00adcelles sur le site de l\u2019association sont nor\u00admale\u00adment attribu\u00e9es.<\/span><\/p>\n<p><span style=\"color: #000000;\"><strong>Le Co-\u200bjardinage<\/strong>&nbsp;: est une <span style=\"color: #ff0000;\">(1) <\/span>sit\u00adu\u00ada\u00adtion tem\u00adpo\u00adraire de partage pour la cul\u00adture d\u2019une par\u00adcelle de jardin \u00e0 parts \u00e9gales entre le jar\u00addinier tit\u00adu\u00adlaire de la par\u00adcelle et le jar\u00addinier Sans par\u00adcelle, adh\u00e9rent de l\u2019association du Chouette Potager.<\/span><\/p>\n<p><span style=\"color: #000000;\">Le Conseil d\u2019Administration est le seul \u00e0 autoris\u00ader le Co-\u200bjardinage qui doit \u00eatre demand\u00e9 par \u00e9crit par le jar\u00addinier tit\u00adu\u00adlaire qui souhaite partager sa par\u00adcelle dev\u00adenue trop grande pour les besoins de son foy\u00ader ou qui souhaite arr\u00eater pro\u00adgres\u00adsive\u00adment son activ\u00adit\u00e9 de jardinier.<\/span><\/p>\n<p><span style=\"color: #000000;\">Le jar\u00addinier respon\u00ads\u00adable des \u00e9quipements de la par\u00adcelle mis \u00e0 dis\u00adpo\u00adsi\u00adtions par l\u2019association du Chouette Potager reste le jar\u00addinier tit\u00adu\u00adlaire qui est le seul \u00e0 avoir acquit\u00adt\u00e9 le d\u00e9p\u00f4t de garantie exig\u00e9 lors de l\u2019attribution de la parcelle.<\/span><\/p>\n<table style=\"height: 233px; width: 99.762%; border-collapse: collapse; border-color: #f55f5f; border-style: dotted;\">\n<tbody>\n<tr style=\"height: 233px;\">\n<td style=\"width: 100%; height: 233px;\">\n<p style=\"text-align: justify;\"><span style=\"color: #000000;\"><em><span style=\"color: #ff0000;\">(1)<\/span>&nbsp; Situation tem\u00adpo\u00adraire de partage&nbsp;: elle est autoris\u00e9e pour la dur\u00e9e d\u2019une ann\u00e9e cul\u00adtur\u00adale soit du 11 novem\u00adbre de l\u2019ann\u00e9e A au 10 novem\u00adbre de l\u2019ann\u00e9e B.<\/em><\/span><\/p>\n<p style=\"text-align: justify;\"><span style=\"color: #000000;\"><em>Cette sit\u00adu\u00ada\u00adtion peut \u00eatre recon\u00adduite de l\u2019ann\u00e9e B \u00e0 l\u2019ann\u00e9e C apr\u00e8s accep\u00adta\u00adtion entre d\u2019une part les deux jar\u00addiniers con\u00adcern\u00e9s et le Conseil d\u2019Administration du Chouette Potager.<\/em><\/span><\/p>\n<p><span style=\"color: #000000;\"><em>Cette sit\u00adu\u00ada\u00adtion ne sera recon\u00adduite si&nbsp;: le Co-\u200bjardinier ne respecte pas le R\u00e8glement Int\u00e9rieur de l\u2019association et la charte jar\u00addi\u00adnage et envi\u00adron\u00adnement, ou en cas de con\u00adflit avec le jar\u00addinier titulaire.<\/em><\/span><\/p>\n<\/td>\n<\/tr>\n<\/tbody>\n<\/table>\n<p><span style=\"color: #000000;\"><strong>Le Co-\u200bjardinier<\/strong>&nbsp;: est un deman\u00addeur d\u2019une par\u00adcelle de jardin aupr\u00e8s de l\u2019association du Chouette Potager. La propo\u00adsi\u00adtion de Co-\u200bjardinage est valid\u00e9e par le Bureau apr\u00e8s d\u00e9ci\u00adsion du Conseil d\u2019Administration de l\u2019association.<\/span><\/p>\n<p><span style=\"color: #000000;\">Le deman\u00addeur auquel est faite cette propo\u00adsi\u00adtion peut l\u2019accepter ou la refuser.<\/span><\/p>\n<p><span style=\"color: #000000;\">Le deman\u00addeur ayant accep\u00adt\u00e9 la propo\u00adsi\u00adtion de Co-\u200bjardinage doit&nbsp;: sign\u00ader son engage\u00adment au respect du R\u00e8glement Int\u00e9rieur et de la Charte Jardinage et Environnement. Le Co-\u200bjardinier est soumis aux m\u00eames servi\u00adtudes, pr\u00e9vues par ces doc\u00adu\u00adments, que le jar\u00addinier titulaire.<\/span><\/p>\n<ul style=\"list-style-type: square;\">\n<li><span style=\"color: #000000;\">S\u2019acquitter d\u2019une coti\u00adsa\u00adtion tem\u00adpo\u00adraire dont le mon\u00adtant est fix\u00e9 par le Conseil d\u2019Administration et r\u00e9vis\u00adable chaque ann\u00e9e.<\/span><\/li>\n<li><span style=\"color: #000000;\">S\u2019acquitter du co\u00fbt de la con\u00adfec\u00adtion des cl\u00e9s qui lui seront n\u00e9cessaire.<\/span><\/li>\n<\/ul>\n<p style=\"text-align: right;\"><strong><em><span style=\"color: #000000;\">retour en<\/span>&nbsp;<a href=\"#haut\">haut du document<\/a><\/em><\/strong><\/p>\n\n\n\n\n\n<h3>&nbsp;<\/h3>\n\n\n\n<h6 class=\"wp-block-heading has-white-color has-text-color\" id=\"bas\">bas<\/h6>\n\n\n\n<h3><strong><span style=\"text-decoration: underline;\">NOTA<\/span>&nbsp;:<\/strong><\/h3>\n<p style=\"text-align: justify;\"><span style=\"color: #000000;\">Tout pos\u00adtu\u00adlant doit oblig\u00ada\u00adtoire\u00adment se pr\u00e9sen\u00adter au bureau de l\u2019as\u00adso\u00adci\u00ada\u00adtion aux jours d\u2019ou\u00adver\u00adture avec les doc\u00adu\u00adments ad-\u200bhocs<\/span>.<\/p>\n<p><span style=\"color: #000000;\">Voir l\u2019on\u00adglet<\/span> <a href=\"https:\/\/lechouettepotager.org\/index.php\/pour-nous-joindre\/\">TOUT SUR&nbsp;NOUS<\/a><\/p>\n<p>&nbsp;<\/p>\n\n\n\n<h3>&nbsp;<\/h3>\n\n\n\n<div class=\"wp-block-columns is-layout-flex wp-container-core-columns-is-layout-2 wp-block-columns-is-layout-flex\">\n<div class=\"wp-block-column is-vertically-aligned-top is-layout-flow wp-block-column-is-layout-flow\" style=\"flex-basis:66.66%\">\n<h3><strong><span style=\"color: #000000;\">Imprimer le R\u00e8glement Int\u00e9rieur<\/span><\/strong><\/h3>\n<p style=\"text-align: justify;\"><strong><span style=\"color: #000000;\"><em>Cliquez <a href=\"https:\/\/lechouettepotager.org\/wp-content\/uploads\/2022\/10\/Reglement-Interieur-3.pdf\" target=\"_blank\" rel=\"noopener\">ICI<\/a>&nbsp; pour visu\u00adalis\u00ader et imprimer le r\u00e8gle\u00adment int\u00e9rieur approu\u00adv\u00e9 par le Conseil d\u2019Administration du 07 Octobre 2020&nbsp;<\/em><\/span><\/strong><\/p>\n<\/div>\n<\/div>\n\n\n\n<h4>Visualiser la&nbsp;<span style=\"color: #99ccff;\"><a style=\"color: #99ccff;\" href=\"https:\/\/lechouettepotager.org\/wp-content\/uploads\/2022\/10\/Charte-Jardinage-et-Environnement.pdf\" target=\"_blank\" rel=\"noopener\">Charte Jardinage et <span style=\"background-color: #ffffff;\">Environnement<\/span><\/a><\/span> (site officiel des jardins familiaux)<\/h4>\n\n\n\n<p style=\"text-align: right;\"><strong><em><span style=\"color: #000000;\">retour en<\/span>&nbsp;<a href=\"#haut\">haut du document<\/a><\/em><\/strong><\/p>\n\n\n","protected":false},"excerpt":{"rendered":"<p>Lire le R\u00e8glement Int\u00e9rieur de l\u2019Association approu\u00adv\u00e9 par le Conseil d\u2019Administration du 07 Octobre 2020<\/p>\n","protected":false},"author":1,"featured_media":3714,"comment_status":"closed","ping_status":"closed","sticky":false,"template":"","format":"standard","meta":{"_coblocks_attr":"Times New Roman,Times New Roman","_coblocks_dimensions":"","_coblocks_responsive_height":"","_coblocks_accordion_ie_support":"","_uag_custom_page_level_css":"","wp_typography_post_enhancements_disabled":false,"ngg_post_thumbnail":0,"footnotes":""},"categories":[1,21],"tags":[],"featured_image_src":"https:\/\/lechouettepotager.org\/wp-content\/uploads\/2023\/03\/logo-le-Chouette-Potager.jpg","featured_image_src_square":"https:\/\/lechouettepotager.org\/wp-content\/uploads\/2023\/03\/logo-le-Chouette-Potager.jpg","author_info":{"display_name":"Webmaster","author_link":"https:\/\/lechouettepotager.org\/index.php\/author\/admin7426\/"},"uagb_featured_image_src":{"full":["https:\/\/lechouettepotager.org\/wp-content\/uploads\/2023\/03\/logo-le-Chouette-Potager.jpg",2057,1457,false],"thumbnail":["https:\/\/lechouettepotager.org\/wp-content\/uploads\/2023\/03\/logo-le-Chouette-Potager.jpg",150,106,false],"medium":["https:\/\/lechouettepotager.org\/wp-content\/uploads\/2023\/03\/logo-le-Chouette-Potager.jpg",300,212,false],"medium_large":["https:\/\/lechouettepotager.org\/wp-content\/uploads\/2023\/03\/logo-le-Chouette-Potager.jpg",768,544,false],"large":["https:\/\/lechouettepotager.org\/wp-content\/uploads\/2023\/03\/logo-le-Chouette-Potager.jpg",1024,725,false],"1536x1536":["https:\/\/lechouettepotager.org\/wp-content\/uploads\/2023\/03\/logo-le-Chouette-Potager.jpg",1536,1088,false],"2048x2048":["https:\/\/lechouettepotager.org\/wp-content\/uploads\/2023\/03\/logo-le-Chouette-Potager.jpg",2048,1451,false],"ab-block-post-grid-landscape":["https:\/\/lechouettepotager.org\/wp-content\/uploads\/2023\/03\/logo-le-Chouette-Potager.jpg",565,400,false],"ab-block-post-grid-square":["https:\/\/lechouettepotager.org\/wp-content\/uploads\/2023\/03\/logo-le-Chouette-Potager.jpg",600,425,false],"post-thumbnail":["https:\/\/lechouettepotager.org\/wp-content\/uploads\/2023\/03\/logo-le-Chouette-Potager.jpg",1024,725,false],"mesmerize-full-hd":["https:\/\/lechouettepotager.org\/wp-content\/uploads\/2023\/03\/logo-le-Chouette-Potager.jpg",1525,1080,false]},"uagb_author_info":{"display_name":"Webmaster","author_link":"https:\/\/lechouettepotager.org\/index.php\/author\/admin7426\/"},"uagb_comment_info":0,"uagb_excerpt":"Lire le R\u00e8glement Int\u00e9rieur de l'Association approuv\u00e9 par le Conseil d'Administration du 07 Octobre 2020","_links":{"self":[{"href":"https:\/\/lechouettepotager.org\/index.php\/wp-json\/wp\/v2\/posts\/3381"}],"collection":[{"href":"https:\/\/lechouettepotager.org\/index.php\/wp-json\/wp\/v2\/posts"}],"about":[{"href":"https:\/\/lechouettepotager.org\/index.php\/wp-json\/wp\/v2\/types\/post"}],"author":[{"embeddable":true,"href":"https:\/\/lechouettepotager.org\/index.php\/wp-json\/wp\/v2\/users\/1"}],"replies":[{"embeddable":true,"href":"https:\/\/lechouettepotager.org\/index.php\/wp-json\/wp\/v2\/comments?post=3381"}],"version-history":[{"count":18,"href":"https:\/\/lechouettepotager.org\/index.php\/wp-json\/wp\/v2\/posts\/3381\/revisions"}],"predecessor-version":[{"id":3721,"href":"https:\/\/lechouettepotager.org\/index.php\/wp-json\/wp\/v2\/posts\/3381\/revisions\/3721"}],"wp:featuredmedia":[{"embeddable":true,"href":"https:\/\/lechouettepotager.org\/index.php\/wp-json\/wp\/v2\/media\/3714"}],"wp:attachment":[{"href":"https:\/\/lechouettepotager.org\/index.php\/wp-json\/wp\/v2\/media?parent=3381"}],"wp:term":[{"taxonomy":"category","embeddable":true,"href":"https:\/\/lechouettepotager.org\/index.php\/wp-json\/wp\/v2\/categories?post=3381"},{"taxonomy":"post_tag","embeddable":true,"href":"https:\/\/lechouettepotager.org\/index.php\/wp-json\/wp\/v2\/tags?post=3381"}],"curies":[{"name":"wp","href":"https:\/\/api.w.org\/{rel}","templated":true}]}}