{"id":3432,"date":"2022-10-25T14:03:42","date_gmt":"2022-10-25T12:03:42","guid":{"rendered":"https:\/\/lechouettepotager.org\/?p=3432"},"modified":"2022-10-25T14:17:43","modified_gmt":"2022-10-25T12:17:43","slug":"fin-de-saison-2022","status":"publish","type":"post","link":"https:\/\/lechouettepotager.org\/index.php\/2022\/10\/25\/fin-de-saison-2022\/","title":{"rendered":"Fin de Saison 2022&nbsp;\u2026"},"content":{"rendered":"\n<h3>&nbsp;<\/h3>\n<h3 style=\"text-align: center;\"><span style=\"color: #000000;\">La saison culturale 2022 (novembre 2021 \u00e0 novembre 2022)&nbsp;<\/span><\/h3>\n<h3 style=\"text-align: justify;\"><span style=\"color: #000000;\">est sur le point de se terminer&nbsp;;<\/span><\/h3>\n\n\n\n<div class=\"wp-block-media-text alignwide is-stacked-on-mobile is-vertically-aligned-top is-image-fill is-style-default\" style=\"grid-template-columns:49% auto\"><figure class=\"wp-block-media-text__media\" style=\"background-image:url(https:\/\/lechouettepotager.org\/wp-content\/uploads\/2022\/10\/premier.jpg);background-position:50% 50%\"><img decoding=\"async\" loading=\"lazy\" width=\"1920\" height=\"1280\" src=\"https:\/\/lechouettepotager.org\/wp-content\/uploads\/2022\/10\/premier.jpg\" alt class=\"wp-image-3427 size-full\"><\/figure><div class=\"wp-block-media-text__content\">\n<p class=\"has-black-color has-text-color\"><span style=\"color:#000000\" class=\"tadv-color\">Nous abor\u00addons l\u2019automne dans la douceur et appr\u00e9\u00adcions les petites avers\u00ades qui per\u00adme\u00adt\u00adtent aux divers\u00ades ter\u00adres, de se r\u00e9g\u00e9n\u00e9r\u00ader apr\u00e8s un \u00e9t\u00e9 de chaleur exceptionnelle<\/span><\/p>\n<\/div><\/div>\n\n\n\n<div class=\"wp-block-media-text alignwide has-media-on-the-right is-stacked-on-mobile\" style=\"grid-template-columns:auto 28%\"><figure class=\"wp-block-media-text__media\"><img decoding=\"async\" loading=\"lazy\" width=\"1920\" height=\"1252\" src=\"https:\/\/lechouettepotager.org\/wp-content\/uploads\/2022\/10\/mosquito-gf2f3464c4_1920.jpg\" alt class=\"wp-image-3442 size-full\"><\/figure><div class=\"wp-block-media-text__content\">\n<p class=\"has-black-color has-text-color\">Concernant notre asso\u00adci\u00ada\u00adtion, la mise en garde \u00e0 l\u2019encontre du <a href=\"https:\/\/lechouettepotager.org\/wp-content\/uploads\/2022\/10\/Moustique-Tigre-page-002.jpg\">mous\u00adtique tigre<\/a> a \u00e9t\u00e9 effi\u00adcace, car majori\u00adtaire\u00adment suivie.<\/p>\n<\/div><\/div>\n\n\n\n<div style=\"height:45px\" aria-hidden=\"true\" class=\"wp-block-spacer\"><\/div>\n\n\n\n<p style=\"text-align: justify;\"><span style=\"color: #000000;\">Par son his\u00adtoire, notre asso\u00adci\u00ada\u00adtion \u00ab&nbsp;<a href=\"https:\/\/lechouettepotager.org\/wp-content\/uploads\/2022\/10\/logo1.jpg\">les jardins et verg\u00aders de la chou\u00adette<\/a>&nbsp;\u00bb per\u00adp\u00e9tue l\u2019objectif nourrici\u00ader, \u00e0 savoir, en prin\u00adci\u00adpal, la cul\u00adture d\u2019un potager, sur des par\u00adcelles allant de 175 \u00e0 250&nbsp;m\u00b2 voir au-del\u00e0.<\/span><\/p>\n<p style=\"text-align: justify;\"><span style=\"color: #000000;\">Certains jardins sont en cours de <a href=\"https:\/\/lechouettepotager.org\/wp-content\/uploads\/2020\/12\/jardin-scaled.jpg\">b\u00eachage en vue de la prochaine sai\u00adson<\/a>&nbsp;; mais beau\u00adcoup ont encore de beaux l\u00e9gumes pour aller jusqu\u2019\u00e0 l\u2019arriv\u00e9e des pre\u00admiers froids. En ce moment, salades, poireaux, bet\u00adter\u00adave, radis noirs, c\u00e9leris, fenouils, carottes rem\u00adplis\u00adsent nos paniers.<\/span><\/p>\n<p style=\"text-align: justify;\"><span style=\"color: #000000;\">La bio\u00addi\u00adver\u00adsit\u00e9 est reine&nbsp;avec l\u00e9gumes, fleurs, fruits, h\u00f4tels \u00e0 insectes, nichoirs, et les humains que nous sommes&nbsp;!!<\/span><\/p>\n\n\n\n<div class=\"wp-block-group\"><div class=\"wp-block-group__inner-container is-layout-flow wp-block-group-is-layout-flow\">\n<div class=\"wp-block-coblocks-row coblocks-row-925124224303\" data-columns=\"2\" data-layout=\"50-50\"><div class=\"wp-block-coblocks-row__inner has-no-padding has-no-margin is-stacked-on-mobile has-custom-gutter\" style=\"--coblocks-custom-gutter:0.8em\">\n<div class=\"wp-block-coblocks-column coblocks-column-925124231323\" style=\"width:50%\"><div class=\"wp-block-coblocks-column__inner has-no-padding has-no-margin\">\n<figure class=\"wp-block-image size-full is-resized has-lightbox\"><img decoding=\"async\" loading=\"lazy\" src=\"https:\/\/lechouettepotager.org\/wp-content\/uploads\/2022\/10\/abeille.jpg\" alt class=\"wp-image-3429\" width=\"391\" height=\"245\"><\/figure>\n<\/div><\/div>\n\n\n\n<div class=\"wp-block-coblocks-column coblocks-column-925124231325\" style=\"width:50%\"><div class=\"wp-block-coblocks-column__inner has-no-padding has-no-margin\">\n<figure class=\"wp-block-image size-full has-lightbox\"><img decoding=\"async\" loading=\"lazy\" width=\"1920\" height=\"1280\" src=\"https:\/\/lechouettepotager.org\/wp-content\/uploads\/2022\/10\/papillons.jpg\" alt class=\"wp-image-3430\"><\/figure>\n<\/div><\/div>\n<\/div><\/div>\n<\/div><\/div>\n\n\n\n<p style=\"text-align: justify;\"><span style=\"color: #000000;\">De nom\u00adbreux \u00e9changes ont lieu entre jar\u00addiniers&nbsp;; nos liens internes (dirigeants, r\u00e9f\u00e9rents, b\u00e9n\u00e9v\u00adoles) fonc\u00adtion\u00adnent bien&nbsp;; des r\u00e9u\u00adnions, travaux col\u00adlec\u00adtifs, man\u00adi\u00adfes\u00adta\u00adtions con\u00adviviales sont courantes.<\/span><\/p>\n<p style=\"text-align: justify;\"><span style=\"color: #000000;\">2 nou\u00adveaux r\u00e9f\u00e9rents de site, <strong>H\u00e9di <\/strong>\u00e0 <a href=\"http:\/\/umap.openstreetmap.fr\/fr\/map\/les-14-sites-des-jardins-et-vergers-de-la-chouette_367462#17\/47.29543\/5.07565\" target=\"_blank\" rel=\"noopener\">La Mongeotte<\/a>&nbsp; (voir le <a href=\"https:\/\/lechouettepotager.org\/index.php\/2021\/04\/29\/les-voyages-de-pino-et-divento-reporterres-des-jardins-et-vergers-de-la-chouette\/\" target=\"_blank\" rel=\"noopener\">reportage<\/a>) et <strong>Magaly<\/strong> \u00e0 <a href=\"https:\/\/umap.openstreetmap.fr\/fr\/map\/les-14-sites-des-jardins-et-vergers-de-la-chouette_367462#18\/47.29758\/5.07877\" target=\"_blank\" rel=\"noopener\">Pendant de Bray<\/a> ont rejoint l\u2019\u00e9quipe actuelle et sont d\u00e9j\u00e0 tr\u00e8s actifs.<\/span><\/p>\n\n\n\n<h3 class=\"has-text-align-center wp-block-heading\"><strong><span style=\"color:#000000\" class=\"tadv-color\">A bient\u00f4t en novembre pour la nouvelle saison 2023<\/span><\/strong><\/h3>\n\n\n<div class=\"wp-block-image\">\n<figure class=\"aligncenter size-full is-resized has-lightbox\"><img decoding=\"async\" loading=\"lazy\" src=\"https:\/\/lechouettepotager.org\/wp-content\/uploads\/2022\/10\/fin.jpg\" alt class=\"wp-image-3431\" width=\"422\" height=\"281\"><\/figure><\/div>","protected":false},"excerpt":{"rendered":"<p>Voici la fin de sai\u00adson ain\u00adsi que la fin d\u2019ann\u00e9e 2022<br>\nlire la&nbsp;suite&nbsp;\u2026<\/p>\n","protected":false},"author":1,"featured_media":3426,"comment_status":"closed","ping_status":"closed","sticky":false,"template":"","format":"standard","meta":{"_coblocks_attr":"","_coblocks_dimensions":"","_coblocks_responsive_height":"","_coblocks_accordion_ie_support":"","_uag_custom_page_level_css":"","wp_typography_post_enhancements_disabled":false,"ngg_post_thumbnail":0,"footnotes":""},"categories":[1,21],"tags":[],"featured_image_src":"https:\/\/lechouettepotager.org\/wp-content\/uploads\/2022\/10\/acceuil.jpg","featured_image_src_square":"https:\/\/lechouettepotager.org\/wp-content\/uploads\/2022\/10\/acceuil.jpg","author_info":{"display_name":"Webmaster","author_link":"https:\/\/lechouettepotager.org\/index.php\/author\/admin7426\/"},"uagb_featured_image_src":{"full":["https:\/\/lechouettepotager.org\/wp-content\/uploads\/2022\/10\/acceuil.jpg",1920,1258,false],"thumbnail":["https:\/\/lechouettepotager.org\/wp-content\/uploads\/2022\/10\/acceuil.jpg",150,98,false],"medium":["https:\/\/lechouettepotager.org\/wp-content\/uploads\/2022\/10\/acceuil.jpg",300,197,false],"medium_large":["https:\/\/lechouettepotager.org\/wp-content\/uploads\/2022\/10\/acceuil.jpg",768,503,false],"large":["https:\/\/lechouettepotager.org\/wp-content\/uploads\/2022\/10\/acceuil.jpg",1024,671,false],"1536x1536":["https:\/\/lechouettepotager.org\/wp-content\/uploads\/2022\/10\/acceuil.jpg",1536,1006,false],"2048x2048":["https:\/\/lechouettepotager.org\/wp-content\/uploads\/2022\/10\/acceuil.jpg",1920,1258,false],"ab-block-post-grid-landscape":["https:\/\/lechouettepotager.org\/wp-content\/uploads\/2022\/10\/acceuil.jpg",600,393,false],"ab-block-post-grid-square":["https:\/\/lechouettepotager.org\/wp-content\/uploads\/2022\/10\/acceuil.jpg",600,393,false],"post-thumbnail":["https:\/\/lechouettepotager.org\/wp-content\/uploads\/2022\/10\/acceuil.jpg",1024,671,false],"mesmerize-full-hd":["https:\/\/lechouettepotager.org\/wp-content\/uploads\/2022\/10\/acceuil.jpg",1648,1080,false]},"uagb_author_info":{"display_name":"Webmaster","author_link":"https:\/\/lechouettepotager.org\/index.php\/author\/admin7426\/"},"uagb_comment_info":0,"uagb_excerpt":"Voici la fin de saison ainsi que la fin d\u2019ann\u00e9e 2022 lire la suite \u2026","_links":{"self":[{"href":"https:\/\/lechouettepotager.org\/index.php\/wp-json\/wp\/v2\/posts\/3432"}],"collection":[{"href":"https:\/\/lechouettepotager.org\/index.php\/wp-json\/wp\/v2\/posts"}],"about":[{"href":"https:\/\/lechouettepotager.org\/index.php\/wp-json\/wp\/v2\/types\/post"}],"author":[{"embeddable":true,"href":"https:\/\/lechouettepotager.org\/index.php\/wp-json\/wp\/v2\/users\/1"}],"replies":[{"embeddable":true,"href":"https:\/\/lechouettepotager.org\/index.php\/wp-json\/wp\/v2\/comments?post=3432"}],"version-history":[{"count":48,"href":"https:\/\/lechouettepotager.org\/index.php\/wp-json\/wp\/v2\/posts\/3432\/revisions"}],"predecessor-version":[{"id":3489,"href":"https:\/\/lechouettepotager.org\/index.php\/wp-json\/wp\/v2\/posts\/3432\/revisions\/3489"}],"wp:featuredmedia":[{"embeddable":true,"href":"https:\/\/lechouettepotager.org\/index.php\/wp-json\/wp\/v2\/media\/3426"}],"wp:attachment":[{"href":"https:\/\/lechouettepotager.org\/index.php\/wp-json\/wp\/v2\/media?parent=3432"}],"wp:term":[{"taxonomy":"category","embeddable":true,"href":"https:\/\/lechouettepotager.org\/index.php\/wp-json\/wp\/v2\/categories?post=3432"},{"taxonomy":"post_tag","embeddable":true,"href":"https:\/\/lechouettepotager.org\/index.php\/wp-json\/wp\/v2\/tags?post=3432"}],"curies":[{"name":"wp","href":"https:\/\/api.w.org\/{rel}","templated":true}]}}